{"id":995,"date":"2022-09-22T11:21:51","date_gmt":"2022-09-22T11:21:51","guid":{"rendered":"https:\/\/raicesandaluzas.com\/revista\/?p=995"},"modified":"2022-09-22T11:21:52","modified_gmt":"2022-09-22T11:21:52","slug":"la-hermandad-ntra-sra-del-rocio-celebra-dos-misas-en-honor-de-la-merce-y-la-toma-de-posesion-de-la-hermana-mayor","status":"publish","type":"post","link":"https:\/\/raicesandaluzas.com\/revista\/2022\/09\/22\/la-hermandad-ntra-sra-del-rocio-celebra-dos-misas-en-honor-de-la-merce-y-la-toma-de-posesion-de-la-hermana-mayor\/","title":{"rendered":"La Hermandad Ntra. Sra. del Roc\u00edo celebra dos misas en honor de la Merc\u00e8 y la toma de posesi\u00f3n de la Hermana Mayor"},"content":{"rendered":"\n<p>La Hermandad Nuestra Se\u00f1ora del Roc\u00edo de Barcelona celebra los dos pr\u00f3ximos fines de semana sendas misas. Este pr\u00f3ximo s\u00e1bado, 24 de septiembre, celebrar\u00e1n una misa en honor a la Mare de D\u00e9u de la Merc\u00e8, patrona de la ciudad de Barcelona en su d\u00eda. La misa comenzar\u00e1 a las 16 horas y ser\u00e1 oficiada por el consiliario de la hermandad, Mn. Adilson, y cantada por su coro. La misa ser\u00e1 celebrada en la Bas\u00edlica de la Merc\u00e8 con la presencia del Simpecado.<\/p>\n\n\n\n<figure class=\"wp-block-image size-large\"><img loading=\"lazy\" decoding=\"async\" width=\"819\" height=\"1024\" src=\"https:\/\/raicesandaluzas.com\/revista\/wp-content\/uploads\/2022\/09\/MISA-2-DE-OCTUBRE-819x1024.jpg\" alt=\"\" class=\"wp-image-996\" srcset=\"https:\/\/raicesandaluzas.com\/revista\/wp-content\/uploads\/2022\/09\/MISA-2-DE-OCTUBRE-819x1024.jpg 819w, https:\/\/raicesandaluzas.com\/revista\/wp-content\/uploads\/2022\/09\/MISA-2-DE-OCTUBRE-240x300.jpg 240w, https:\/\/raicesandaluzas.com\/revista\/wp-content\/uploads\/2022\/09\/MISA-2-DE-OCTUBRE-768x960.jpg 768w, https:\/\/raicesandaluzas.com\/revista\/wp-content\/uploads\/2022\/09\/MISA-2-DE-OCTUBRE-1229x1536.jpg 1229w, https:\/\/raicesandaluzas.com\/revista\/wp-content\/uploads\/2022\/09\/MISA-2-DE-OCTUBRE-1638x2048.jpg 1638w, https:\/\/raicesandaluzas.com\/revista\/wp-content\/uploads\/2022\/09\/MISA-2-DE-OCTUBRE-696x870.jpg 696w, https:\/\/raicesandaluzas.com\/revista\/wp-content\/uploads\/2022\/09\/MISA-2-DE-OCTUBRE-1068x1335.jpg 1068w, https:\/\/raicesandaluzas.com\/revista\/wp-content\/uploads\/2022\/09\/MISA-2-DE-OCTUBRE-336x420.jpg 336w, https:\/\/raicesandaluzas.com\/revista\/wp-content\/uploads\/2022\/09\/MISA-2-DE-OCTUBRE.jpg 1687w\" sizes=\"auto, (max-width: 819px) 100vw, 819px\" \/><\/figure>\n\n\n\n<p>Y el pr\u00f3ximo 2 de octubre celebrar\u00e1n la Santa Misa en honor a Nuestra Se\u00f1ora del Roc\u00edo, ceremonia en la que tomar\u00e1 posesi\u00f3n del cargo la nueva Hermana Mayor para la Romer\u00eda 2023, Pilar Medina. El acto servir\u00e1 tambi\u00e9n para recoger alimentos para el Hospital de Campa\u00f1a de la P. de Santa Anna de Barcelona. Se precisan zumos, latas de sardinas, at\u00fan, mermelada y Nocilla. Se celebrar\u00e1 en la Iglesia de Sant Jaume, en la calle Ferran, 28, de Barcelona.<\/p>\n","protected":false},"excerpt":{"rendered":"<p>La Hermandad Nuestra Se\u00f1ora del Roc\u00edo de Barcelona celebra los dos pr\u00f3ximos fines de semana sendas misas. Este pr\u00f3ximo s\u00e1bado, 24 de septiembre, celebrar\u00e1n una misa en honor a la Mare de D\u00e9u de la Merc\u00e8, patrona de la ciudad de Barcelona en su d\u00eda. La misa comenzar\u00e1 a las 16 horas y ser\u00e1 oficiada [&hellip;]<\/p>\n","protected":false},"author":1,"featured_media":997,"comment_status":"open","ping_status":"open","sticky":false,"template":"","format":"standard","meta":{"footnotes":""},"categories":[19,21],"tags":[],"class_list":{"0":"post-995","1":"post","2":"type-post","3":"status-publish","4":"format-standard","5":"has-post-thumbnail","7":"category-actualidad","8":"category-raices-rocieras"},"_links":{"self":[{"href":"https:\/\/raicesandaluzas.com\/revista\/wp-json\/wp\/v2\/posts\/995","targetHints":{"allow":["GET"]}}],"collection":[{"href":"https:\/\/raicesandaluzas.com\/revista\/wp-json\/wp\/v2\/posts"}],"about":[{"href":"https:\/\/raicesandaluzas.com\/revista\/wp-json\/wp\/v2\/types\/post"}],"author":[{"embeddable":true,"href":"https:\/\/raicesandaluzas.com\/revista\/wp-json\/wp\/v2\/users\/1"}],"replies":[{"embeddable":true,"href":"https:\/\/raicesandaluzas.com\/revista\/wp-json\/wp\/v2\/comments?post=995"}],"version-history":[{"count":1,"href":"https:\/\/raicesandaluzas.com\/revista\/wp-json\/wp\/v2\/posts\/995\/revisions"}],"predecessor-version":[{"id":998,"href":"https:\/\/raicesandaluzas.com\/revista\/wp-json\/wp\/v2\/posts\/995\/revisions\/998"}],"wp:featuredmedia":[{"embeddable":true,"href":"https:\/\/raicesandaluzas.com\/revista\/wp-json\/wp\/v2\/media\/997"}],"wp:attachment":[{"href":"https:\/\/raicesandaluzas.com\/revista\/wp-json\/wp\/v2\/media?parent=995"}],"wp:term":[{"taxonomy":"category","embeddable":true,"href":"https:\/\/raicesandaluzas.com\/revista\/wp-json\/wp\/v2\/categories?post=995"},{"taxonomy":"post_tag","embeddable":true,"href":"https:\/\/raicesandaluzas.com\/revista\/wp-json\/wp\/v2\/tags?post=995"}],"curies":[{"name":"wp","href":"https:\/\/api.w.org\/{rel}","templated":true}]}}