{"id":991,"date":"2022-09-20T11:26:03","date_gmt":"2022-09-20T11:26:03","guid":{"rendered":"https:\/\/raicesandaluzas.com\/revista\/?p=991"},"modified":"2022-09-20T11:26:28","modified_gmt":"2022-09-20T11:26:28","slug":"virgen-de-gracia-celebra-su-xix-dia-de-archidona","status":"publish","type":"post","link":"https:\/\/raicesandaluzas.com\/revista\/2022\/09\/20\/virgen-de-gracia-celebra-su-xix-dia-de-archidona\/","title":{"rendered":"Virgen de Gracia en Sabadell celebra su XIX D\u00eda de Archidona"},"content":{"rendered":"\n<p>El pr\u00f3ximo domingo, 2 de octubre, el CCAHR Virgen de Gracia de Sabadell celebra su XIX D\u00eda de Archidona con la tradicional olla con pring\u00e1 que ofrecer\u00e1 a todos los presentes. Los actos comenzar\u00e1n a las 12 horas con una misa en la parroquia donde la entidad tiene su sede, en la calle Florit, 25. La misa ser\u00e1 cantada por el coro rociero de la asociaci\u00f3n. A las 13 horas se abrir\u00e1 el centro para poder degustar la ya famosa olla con pring\u00e1. Despu\u00e9s de la comida comenzar\u00e1n las actuaciones de los grupos de baile de la entidad y de las asociaciones invitadas. <\/p>\n\n\n\n<p>Los que deseen asistir a la jornada de convivencia para celebrar el D\u00eda de Archidona pueden reservar su t\u00edquet llamando al 675 96 97 98 (Luis) o al 677 29 84 67 (Loli) al precio de 13 euros. Hay que confirmar asistencia antes del 28 de septiembre.  <\/p>\n","protected":false},"excerpt":{"rendered":"<p>El pr\u00f3ximo domingo, 2 de octubre, el CCAHR Virgen de Gracia de Sabadell celebra su XIX D\u00eda de Archidona con la tradicional olla con pring\u00e1 que ofrecer\u00e1 a todos los presentes. Los actos comenzar\u00e1n a las 12 horas con una misa en la parroquia donde la entidad tiene su sede, en la calle Florit, 25. [&hellip;]<\/p>\n","protected":false},"author":1,"featured_media":992,"comment_status":"open","ping_status":"open","sticky":false,"template":"","format":"standard","meta":{"footnotes":""},"categories":[19],"tags":[],"class_list":{"0":"post-991","1":"post","2":"type-post","3":"status-publish","4":"format-standard","5":"has-post-thumbnail","7":"category-actualidad"},"_links":{"self":[{"href":"https:\/\/raicesandaluzas.com\/revista\/wp-json\/wp\/v2\/posts\/991","targetHints":{"allow":["GET"]}}],"collection":[{"href":"https:\/\/raicesandaluzas.com\/revista\/wp-json\/wp\/v2\/posts"}],"about":[{"href":"https:\/\/raicesandaluzas.com\/revista\/wp-json\/wp\/v2\/types\/post"}],"author":[{"embeddable":true,"href":"https:\/\/raicesandaluzas.com\/revista\/wp-json\/wp\/v2\/users\/1"}],"replies":[{"embeddable":true,"href":"https:\/\/raicesandaluzas.com\/revista\/wp-json\/wp\/v2\/comments?post=991"}],"version-history":[{"count":2,"href":"https:\/\/raicesandaluzas.com\/revista\/wp-json\/wp\/v2\/posts\/991\/revisions"}],"predecessor-version":[{"id":994,"href":"https:\/\/raicesandaluzas.com\/revista\/wp-json\/wp\/v2\/posts\/991\/revisions\/994"}],"wp:featuredmedia":[{"embeddable":true,"href":"https:\/\/raicesandaluzas.com\/revista\/wp-json\/wp\/v2\/media\/992"}],"wp:attachment":[{"href":"https:\/\/raicesandaluzas.com\/revista\/wp-json\/wp\/v2\/media?parent=991"}],"wp:term":[{"taxonomy":"category","embeddable":true,"href":"https:\/\/raicesandaluzas.com\/revista\/wp-json\/wp\/v2\/categories?post=991"},{"taxonomy":"post_tag","embeddable":true,"href":"https:\/\/raicesandaluzas.com\/revista\/wp-json\/wp\/v2\/tags?post=991"}],"curies":[{"name":"wp","href":"https:\/\/api.w.org\/{rel}","templated":true}]}}