{"id":988,"date":"2022-09-15T10:07:53","date_gmt":"2022-09-15T10:07:53","guid":{"rendered":"https:\/\/raicesandaluzas.com\/revista\/?p=988"},"modified":"2022-09-15T10:07:54","modified_gmt":"2022-09-15T10:07:54","slug":"homenaje-a-juan-roman-fernandez-en-la-presentacion-de-un-libro-sobre-el-rocio-en-catalunya","status":"publish","type":"post","link":"https:\/\/raicesandaluzas.com\/revista\/2022\/09\/15\/homenaje-a-juan-roman-fernandez-en-la-presentacion-de-un-libro-sobre-el-rocio-en-catalunya\/","title":{"rendered":"Homenaje a Juan Rom\u00e1n Fern\u00e1ndez en la presentaci\u00f3n de un libro sobre el Roc\u00edo en Catalunya"},"content":{"rendered":"\n<p>La Hermandad Rociera La Guitarra, en colaboraci\u00f3n con la Asociaci\u00f3n de Vecinos Nova Lloreda Nord, el consistorio de Badalona y la Casa de Andaluc\u00eda de Santa Coloma, organizan el pr\u00f3ximo viernes, 23 de septiembre, un homenaje a una de las figuras m\u00e1s destacadas del movimiento rociero en tierras catalanas, Juan Rom\u00e1n Fern\u00e1ndez. Ser\u00e1 en el marco de la presentaci\u00f3n del libro \u00abHistoria del Roc\u00edo en Catalu\u00f1a\u00bb, que tendr\u00e1 lugar a partir de las 18.30 horas en la sede de la asociaci\u00f3n de vecinos, en la Avinguda Catalunya, 64-66, bajos. <\/p>\n","protected":false},"excerpt":{"rendered":"<p>La Hermandad Rociera La Guitarra, en colaboraci\u00f3n con la Asociaci\u00f3n de Vecinos Nova Lloreda Nord, el consistorio de Badalona y la Casa de Andaluc\u00eda de Santa Coloma, organizan el pr\u00f3ximo viernes, 23 de septiembre, un homenaje a una de las figuras m\u00e1s destacadas del movimiento rociero en tierras catalanas, Juan Rom\u00e1n Fern\u00e1ndez. Ser\u00e1 en el [&hellip;]<\/p>\n","protected":false},"author":1,"featured_media":989,"comment_status":"open","ping_status":"open","sticky":false,"template":"","format":"standard","meta":{"footnotes":""},"categories":[19,21],"tags":[],"class_list":{"0":"post-988","1":"post","2":"type-post","3":"status-publish","4":"format-standard","5":"has-post-thumbnail","7":"category-actualidad","8":"category-raices-rocieras"},"_links":{"self":[{"href":"https:\/\/raicesandaluzas.com\/revista\/wp-json\/wp\/v2\/posts\/988","targetHints":{"allow":["GET"]}}],"collection":[{"href":"https:\/\/raicesandaluzas.com\/revista\/wp-json\/wp\/v2\/posts"}],"about":[{"href":"https:\/\/raicesandaluzas.com\/revista\/wp-json\/wp\/v2\/types\/post"}],"author":[{"embeddable":true,"href":"https:\/\/raicesandaluzas.com\/revista\/wp-json\/wp\/v2\/users\/1"}],"replies":[{"embeddable":true,"href":"https:\/\/raicesandaluzas.com\/revista\/wp-json\/wp\/v2\/comments?post=988"}],"version-history":[{"count":1,"href":"https:\/\/raicesandaluzas.com\/revista\/wp-json\/wp\/v2\/posts\/988\/revisions"}],"predecessor-version":[{"id":990,"href":"https:\/\/raicesandaluzas.com\/revista\/wp-json\/wp\/v2\/posts\/988\/revisions\/990"}],"wp:featuredmedia":[{"embeddable":true,"href":"https:\/\/raicesandaluzas.com\/revista\/wp-json\/wp\/v2\/media\/989"}],"wp:attachment":[{"href":"https:\/\/raicesandaluzas.com\/revista\/wp-json\/wp\/v2\/media?parent=988"}],"wp:term":[{"taxonomy":"category","embeddable":true,"href":"https:\/\/raicesandaluzas.com\/revista\/wp-json\/wp\/v2\/categories?post=988"},{"taxonomy":"post_tag","embeddable":true,"href":"https:\/\/raicesandaluzas.com\/revista\/wp-json\/wp\/v2\/tags?post=988"}],"curies":[{"name":"wp","href":"https:\/\/api.w.org\/{rel}","templated":true}]}}