{"id":984,"date":"2022-09-01T10:19:31","date_gmt":"2022-09-01T10:19:31","guid":{"rendered":"https:\/\/raicesandaluzas.com\/revista\/?p=984"},"modified":"2022-09-01T10:19:33","modified_gmt":"2022-09-01T10:19:33","slug":"la-casa-de-andalucia-en-barcelona-celebra-la-final-de-su-primer-concurso-nacional-de-tarantas-de-linares-en-homenaje-a-carmen-linares","status":"publish","type":"post","link":"https:\/\/raicesandaluzas.com\/revista\/2022\/09\/01\/la-casa-de-andalucia-en-barcelona-celebra-la-final-de-su-primer-concurso-nacional-de-tarantas-de-linares-en-homenaje-a-carmen-linares\/","title":{"rendered":"La Casa de Andaluc\u00eda en Barcelona celebra la final de su primer Concurso Nacional de Tarantas de Linares en homenaje a Carmen Linares"},"content":{"rendered":"\n<p>El pr\u00f3ximo s\u00e1bado, 17 de septiembre, la Casa de Andaluc\u00eda en Barcelona celebrar\u00e1 un acto de lo m\u00e1s especial: la final de su primer Concurso Nacional de Tarantas de Linares, en homenaje a Carmen Linares, cantaora universal que estar\u00e1 presente en el Auditorio AXA de la Ciudad Condal, donde se llevar\u00e1 a cabo a partir de las 19 horas.<\/p>\n\n\n\n<p>Presentada por Antonio Mench\u00f3n, los finalistas de esta primera final ser\u00e1n Francisco Heredia, de Linares (Ja\u00e9n), V\u00edctor Palacios, de Tordera (Barcelona), Mar\u00eda Jos\u00e9 Abad, de C\u00f3rdoba, y Juanma Guzm\u00e1n, de Bail\u00e9n (Ja\u00e9n). La guitarra que les acompa\u00f1ar\u00e1 ser\u00e1 la de Paco Garfia, y adem\u00e1s se contar\u00e1 con la actuaci\u00f3n especial como artista invitado de Joselete.<\/p>\n\n\n\n<p>Los miembros del jurado ser\u00e1n Ricardo Pe\u00f1uela, Carmen Valenzuela, David Pino, Francisco Paredes, Antonio De Alejo y Ana Codina.<\/p>\n\n\n\n<p>Para conseguir invitaciones, hay que llamar al 619 60 14 90.<\/p>\n\n\n\n<p><\/p>\n","protected":false},"excerpt":{"rendered":"<p>El pr\u00f3ximo s\u00e1bado, 17 de septiembre, la Casa de Andaluc\u00eda en Barcelona celebrar\u00e1 un acto de lo m\u00e1s especial: la final de su primer Concurso Nacional de Tarantas de Linares, en homenaje a Carmen Linares, cantaora universal que estar\u00e1 presente en el Auditorio AXA de la Ciudad Condal, donde se llevar\u00e1 a cabo a partir [&hellip;]<\/p>\n","protected":false},"author":1,"featured_media":985,"comment_status":"open","ping_status":"open","sticky":false,"template":"","format":"standard","meta":{"footnotes":""},"categories":[19,22],"tags":[],"class_list":{"0":"post-984","1":"post","2":"type-post","3":"status-publish","4":"format-standard","5":"has-post-thumbnail","7":"category-actualidad","8":"category-flamenco"},"_links":{"self":[{"href":"https:\/\/raicesandaluzas.com\/revista\/wp-json\/wp\/v2\/posts\/984","targetHints":{"allow":["GET"]}}],"collection":[{"href":"https:\/\/raicesandaluzas.com\/revista\/wp-json\/wp\/v2\/posts"}],"about":[{"href":"https:\/\/raicesandaluzas.com\/revista\/wp-json\/wp\/v2\/types\/post"}],"author":[{"embeddable":true,"href":"https:\/\/raicesandaluzas.com\/revista\/wp-json\/wp\/v2\/users\/1"}],"replies":[{"embeddable":true,"href":"https:\/\/raicesandaluzas.com\/revista\/wp-json\/wp\/v2\/comments?post=984"}],"version-history":[{"count":1,"href":"https:\/\/raicesandaluzas.com\/revista\/wp-json\/wp\/v2\/posts\/984\/revisions"}],"predecessor-version":[{"id":986,"href":"https:\/\/raicesandaluzas.com\/revista\/wp-json\/wp\/v2\/posts\/984\/revisions\/986"}],"wp:featuredmedia":[{"embeddable":true,"href":"https:\/\/raicesandaluzas.com\/revista\/wp-json\/wp\/v2\/media\/985"}],"wp:attachment":[{"href":"https:\/\/raicesandaluzas.com\/revista\/wp-json\/wp\/v2\/media?parent=984"}],"wp:term":[{"taxonomy":"category","embeddable":true,"href":"https:\/\/raicesandaluzas.com\/revista\/wp-json\/wp\/v2\/categories?post=984"},{"taxonomy":"post_tag","embeddable":true,"href":"https:\/\/raicesandaluzas.com\/revista\/wp-json\/wp\/v2\/tags?post=984"}],"curies":[{"name":"wp","href":"https:\/\/api.w.org\/{rel}","templated":true}]}}