{"id":977,"date":"2022-08-07T09:25:00","date_gmt":"2022-08-07T09:25:00","guid":{"rendered":"https:\/\/raicesandaluzas.com\/revista\/?p=977"},"modified":"2022-08-29T09:28:56","modified_gmt":"2022-08-29T09:28:56","slug":"la-extremena-esther-merino-consigue-la-lampara-minera-del-lxi-festival-internacional-del-cante-de-las-minas","status":"publish","type":"post","link":"https:\/\/raicesandaluzas.com\/revista\/2022\/08\/07\/la-extremena-esther-merino-consigue-la-lampara-minera-del-lxi-festival-internacional-del-cante-de-las-minas\/","title":{"rendered":"La extreme\u00f1a Esther Merino consigue la \u2018L\u00e1mpara Minera\u2019 del LXI Festival Internacional del Cante de las Minas"},"content":{"rendered":"\n<p>Una nueva edici\u00f3n del Festival Internacional del Cante de las Minas llega a su fin. La 61 edici\u00f3n del certamen de flamenco m\u00e1s importante del mundo entregaba hace unas horas sus m\u00e1ximos galardones en una larga noche en la que la \u2018Catedral del Cante\u2019 acogi\u00f3 el toque, el baile, el cante y la instrumentaci\u00f3n. La ansiada \u2018L\u00e1mpara Minera\u2019 ya est\u00e1 en manos de su nueva due\u00f1a: la extreme\u00f1a Esther Merino Pilo, qui\u00e9n la ha conseguido tras m\u00e1s de 10 a\u00f1os present\u00e1ndose al certamen y obteniendo en este tiempo otros premios menores. Adem\u00e1s de la \u2018L\u00e1mpara\u2019, la sole\u00e1, la taranta, la minera y la cartagenera que interpret\u00f3 la cantaora le valieron el premio en estas cuatro modalidades.<\/p>\n\n\n\n<div><a href=\"https:\/\/raicesandaluzas.com\/revista\/wp-content\/uploads\/2022\/08\/Esther-Merino-Lampara-1024x681.jpg\" class=\"td-modal-image\"><figure class=\"wp-block-image size-large\"><img loading=\"lazy\" decoding=\"async\" width=\"1024\" height=\"681\" src=\"https:\/\/raicesandaluzas.com\/revista\/wp-content\/uploads\/2022\/08\/Esther-Merino-Lampara-1024x681.jpg\" alt=\"\" class=\"wp-image-981\" srcset=\"https:\/\/raicesandaluzas.com\/revista\/wp-content\/uploads\/2022\/08\/Esther-Merino-Lampara-1024x681.jpg 1024w, https:\/\/raicesandaluzas.com\/revista\/wp-content\/uploads\/2022\/08\/Esther-Merino-Lampara-300x200.jpg 300w, https:\/\/raicesandaluzas.com\/revista\/wp-content\/uploads\/2022\/08\/Esther-Merino-Lampara-768x511.jpg 768w, https:\/\/raicesandaluzas.com\/revista\/wp-content\/uploads\/2022\/08\/Esther-Merino-Lampara-696x463.jpg 696w, https:\/\/raicesandaluzas.com\/revista\/wp-content\/uploads\/2022\/08\/Esther-Merino-Lampara-1068x710.jpg 1068w, https:\/\/raicesandaluzas.com\/revista\/wp-content\/uploads\/2022\/08\/Esther-Merino-Lampara-632x420.jpg 632w, https:\/\/raicesandaluzas.com\/revista\/wp-content\/uploads\/2022\/08\/Esther-Merino-Lampara.jpg 1200w\" sizes=\"auto, (max-width: 1024px) 100vw, 1024px\" \/><figcaption>Ester Merino saluda con la L\u00e1mpara Minera reci\u00e9n ganada.<\/figcaption><\/figure><\/a><\/div>\n\n\n\n<p>El taranto fue el baile rey de la noche e hizo que el barcelon\u00e9s David Romero Cardoso y la malague\u00f1a afincada en Miami Irene Lozano Ruiz, consiguieran el \u2018Desplante\u2019 masculino y femenino respectivamente. Lo abrazaban con agradecimiento y orgullo, recordando que \u201ca la tercera va la vencida\u201d, ya que las anteriores dos veces que probaron suerte no consiguieron pasar la criba.<\/p>\n\n\n\n<p>En la categor\u00eda de toque, el \u2018Bord\u00f3n Minero\u2019 se va para Huelva en la persona de \u00c1lvaro Mora Dom\u00ednguez, que interpret\u00f3 taranta y sole\u00e1, y en instrumentaci\u00f3n flamenca, el viol\u00edn de \u00c1ngel Bocanegara Oc\u00f3n, de Granada, consigui\u00f3 el \u2018Fil\u00f3n\u2019 por levantica y tangos; ambos se han presentado por primera vez al concurso consiguiendo la victoria.<\/p>\n\n\n\n<figure class=\"wp-block-gallery has-nested-images columns-default is-cropped wp-block-gallery-1 is-layout-flex wp-block-gallery-is-layout-flex\">\n<figure class=\"wp-block-image size-large\"><a href=\"https:\/\/raicesandaluzas.com\/revista\/wp-content\/uploads\/2022\/08\/Foto-familia.jpg\"><img loading=\"lazy\" decoding=\"async\" width=\"1024\" height=\"523\" data-id=\"978\" src=\"https:\/\/raicesandaluzas.com\/revista\/wp-content\/uploads\/2022\/08\/Foto-familia-1024x523.jpg\" alt=\"\" class=\"wp-image-978\" srcset=\"https:\/\/raicesandaluzas.com\/revista\/wp-content\/uploads\/2022\/08\/Foto-familia-1024x523.jpg 1024w, https:\/\/raicesandaluzas.com\/revista\/wp-content\/uploads\/2022\/08\/Foto-familia-300x153.jpg 300w, https:\/\/raicesandaluzas.com\/revista\/wp-content\/uploads\/2022\/08\/Foto-familia-768x392.jpg 768w, https:\/\/raicesandaluzas.com\/revista\/wp-content\/uploads\/2022\/08\/Foto-familia-696x356.jpg 696w, https:\/\/raicesandaluzas.com\/revista\/wp-content\/uploads\/2022\/08\/Foto-familia-1068x546.jpg 1068w, https:\/\/raicesandaluzas.com\/revista\/wp-content\/uploads\/2022\/08\/Foto-familia-822x420.jpg 822w, https:\/\/raicesandaluzas.com\/revista\/wp-content\/uploads\/2022\/08\/Foto-familia.jpg 1200w\" sizes=\"auto, (max-width: 1024px) 100vw, 1024px\" \/><\/a><figcaption>Fotograf\u00eda de familia.<\/figcaption><\/figure>\n\n\n\n<figure class=\"wp-block-image size-large\"><a href=\"https:\/\/raicesandaluzas.com\/revista\/wp-content\/uploads\/2022\/08\/Ganadores-1.jpg\"><img loading=\"lazy\" decoding=\"async\" width=\"1024\" height=\"681\" data-id=\"980\" src=\"https:\/\/raicesandaluzas.com\/revista\/wp-content\/uploads\/2022\/08\/Ganadores-1-1024x681.jpg\" alt=\"\" class=\"wp-image-980\" srcset=\"https:\/\/raicesandaluzas.com\/revista\/wp-content\/uploads\/2022\/08\/Ganadores-1-1024x681.jpg 1024w, https:\/\/raicesandaluzas.com\/revista\/wp-content\/uploads\/2022\/08\/Ganadores-1-300x200.jpg 300w, https:\/\/raicesandaluzas.com\/revista\/wp-content\/uploads\/2022\/08\/Ganadores-1-768x511.jpg 768w, https:\/\/raicesandaluzas.com\/revista\/wp-content\/uploads\/2022\/08\/Ganadores-1-696x463.jpg 696w, https:\/\/raicesandaluzas.com\/revista\/wp-content\/uploads\/2022\/08\/Ganadores-1-1068x710.jpg 1068w, https:\/\/raicesandaluzas.com\/revista\/wp-content\/uploads\/2022\/08\/Ganadores-1-632x420.jpg 632w, https:\/\/raicesandaluzas.com\/revista\/wp-content\/uploads\/2022\/08\/Ganadores-1.jpg 1200w\" sizes=\"auto, (max-width: 1024px) 100vw, 1024px\" \/><\/a><figcaption>Los ganadores en todas las categor\u00edas.<\/figcaption><\/figure>\n\n\n\n<figure class=\"wp-block-image size-large\"><a href=\"https:\/\/raicesandaluzas.com\/revista\/wp-content\/uploads\/2022\/08\/Ganadores.jpg\"><img loading=\"lazy\" decoding=\"async\" width=\"1024\" height=\"681\" data-id=\"979\" src=\"https:\/\/raicesandaluzas.com\/revista\/wp-content\/uploads\/2022\/08\/Ganadores-1024x681.jpg\" alt=\"\" class=\"wp-image-979\" srcset=\"https:\/\/raicesandaluzas.com\/revista\/wp-content\/uploads\/2022\/08\/Ganadores-1024x681.jpg 1024w, https:\/\/raicesandaluzas.com\/revista\/wp-content\/uploads\/2022\/08\/Ganadores-300x200.jpg 300w, https:\/\/raicesandaluzas.com\/revista\/wp-content\/uploads\/2022\/08\/Ganadores-768x511.jpg 768w, https:\/\/raicesandaluzas.com\/revista\/wp-content\/uploads\/2022\/08\/Ganadores-696x463.jpg 696w, https:\/\/raicesandaluzas.com\/revista\/wp-content\/uploads\/2022\/08\/Ganadores-1068x710.jpg 1068w, https:\/\/raicesandaluzas.com\/revista\/wp-content\/uploads\/2022\/08\/Ganadores-632x420.jpg 632w, https:\/\/raicesandaluzas.com\/revista\/wp-content\/uploads\/2022\/08\/Ganadores.jpg 1200w\" sizes=\"auto, (max-width: 1024px) 100vw, 1024px\" \/><\/a><\/figure>\n<\/figure>\n\n\n\n<p>No fueron los \u00fanicos premios de la noche. Luc\u00eda Beltr\u00e1n Sedano, la joven de 18 a\u00f1os procedente de Huelva, consigui\u00f3 el Premio Especial para Cantaores J\u00f3venes en su interpretaci\u00f3n por levantica y ton\u00e1, dotado con 1.500 euros, y la malague\u00f1a Isabel Guerrero Alarc\u00f3n consigui\u00f3 con sus tangos el Premio al Grupo \u2018C\u2019 de \u2018buler\u00edas, canti\u00f1as, tangos, tientos, peteneras, farrucas, fandangos personales\u2019. Dentro del Grupo II de Cantes de M\u00e1laga, C\u00f3rdoba, Granada y Huelva, el sevillano Manuel Cuevas Gonz\u00e1lez consigui\u00f3 el Premio por Malague\u00f1as -adem\u00e1s del Premio por murcianas y otros cantes mineros-, y la malague\u00f1a Virginia G\u00e1mez Gil el Permio a otros Cantes dentro de este grupo por su grana\u00edna y media. Por \u00faltimo, Jos\u00e9 Plant\u00f3n Heredia consigui\u00f3 con su seguiriya el Premio al Grupo \u2018A\u2019 de \u2018ton\u00e1s, seguiriyas, livianas y serranas\u2019.<\/p>\n","protected":false},"excerpt":{"rendered":"<p>Una nueva edici\u00f3n del Festival Internacional del Cante de las Minas llega a su fin. La 61 edici\u00f3n del certamen de flamenco m\u00e1s importante del mundo entregaba hace unas horas sus m\u00e1ximos galardones en una larga noche en la que la \u2018Catedral del Cante\u2019 acogi\u00f3 el toque, el baile, el cante y la instrumentaci\u00f3n. La [&hellip;]<\/p>\n","protected":false},"author":1,"featured_media":982,"comment_status":"open","ping_status":"open","sticky":false,"template":"","format":"standard","meta":{"footnotes":""},"categories":[19,22],"tags":[],"class_list":{"0":"post-977","1":"post","2":"type-post","3":"status-publish","4":"format-standard","5":"has-post-thumbnail","7":"category-actualidad","8":"category-flamenco"},"_links":{"self":[{"href":"https:\/\/raicesandaluzas.com\/revista\/wp-json\/wp\/v2\/posts\/977","targetHints":{"allow":["GET"]}}],"collection":[{"href":"https:\/\/raicesandaluzas.com\/revista\/wp-json\/wp\/v2\/posts"}],"about":[{"href":"https:\/\/raicesandaluzas.com\/revista\/wp-json\/wp\/v2\/types\/post"}],"author":[{"embeddable":true,"href":"https:\/\/raicesandaluzas.com\/revista\/wp-json\/wp\/v2\/users\/1"}],"replies":[{"embeddable":true,"href":"https:\/\/raicesandaluzas.com\/revista\/wp-json\/wp\/v2\/comments?post=977"}],"version-history":[{"count":1,"href":"https:\/\/raicesandaluzas.com\/revista\/wp-json\/wp\/v2\/posts\/977\/revisions"}],"predecessor-version":[{"id":983,"href":"https:\/\/raicesandaluzas.com\/revista\/wp-json\/wp\/v2\/posts\/977\/revisions\/983"}],"wp:featuredmedia":[{"embeddable":true,"href":"https:\/\/raicesandaluzas.com\/revista\/wp-json\/wp\/v2\/media\/982"}],"wp:attachment":[{"href":"https:\/\/raicesandaluzas.com\/revista\/wp-json\/wp\/v2\/media?parent=977"}],"wp:term":[{"taxonomy":"category","embeddable":true,"href":"https:\/\/raicesandaluzas.com\/revista\/wp-json\/wp\/v2\/categories?post=977"},{"taxonomy":"post_tag","embeddable":true,"href":"https:\/\/raicesandaluzas.com\/revista\/wp-json\/wp\/v2\/tags?post=977"}],"curies":[{"name":"wp","href":"https:\/\/api.w.org\/{rel}","templated":true}]}}