{"id":973,"date":"2022-07-20T10:46:02","date_gmt":"2022-07-20T10:46:02","guid":{"rendered":"https:\/\/raicesandaluzas.com\/revista\/?p=973"},"modified":"2022-07-20T10:46:03","modified_gmt":"2022-07-20T10:46:03","slug":"nuevo-paso-procesional-para-nuestra-senora-de-las-angustias-de-barcelona","status":"publish","type":"post","link":"https:\/\/raicesandaluzas.com\/revista\/2022\/07\/20\/nuevo-paso-procesional-para-nuestra-senora-de-las-angustias-de-barcelona\/","title":{"rendered":"Nuevo paso procesional  para Nuestra Se\u00f1ora de las Angustias de Barcelona"},"content":{"rendered":"\n<p>El pasado domingo 17 de julio la Hermandad y Cofrad\u00eda de Nuestra Se\u00f1ora de las Angustias de Barcelona celebr\u00f3 Cabildo General Extraordinario, en el que los hermanos asistentes votaron y eligieron el proyecto final de paso procesional para nuestros Sagrados Titulares.<\/p>\n\n\n\n<p>Obra del sevillano Sr. Enrique Calero, autor del dise\u00f1o y encargado de llevar a cabo el proyecto bajo su direcci\u00f3n por diferentes artesanos, nos presenta el nuevo paso procesional con unas medidas a proporci\u00f3n de la talla de la Virgen, pretendiendo as\u00ed alzar m\u00e1s el protagonismo de la imagen.<\/p>\n\n\n\n<p>La obra destaca por l\u00edneas rectas y continuistas, con la peculiaridad en la canastilla de predominar fondos con efecto marmoleado en tonos burdeos, molduras y tallas de ornamentaci\u00f3n junto las crester\u00edas barrocas en oro.<\/p>\n\n\n\n<p>Cuenta con un moldur\u00f3n al estilo de la canastilla que conjuga tambi\u00e9n el oro en molduras y cartelas, y el marmoleado en tonos burdeos en la parte central. Queda rematado con crester\u00edas en la parte baja para darle continuidad a la zona bordada de los faldones, de terciopelo de algod\u00f3n negro.<\/p>\n\n\n\n<p>La peana de la Virgen ser\u00e1 del mismo estilo que la canastilla, realz\u00e1ndola a\u00fan m\u00e1s en altura.<\/p>\n\n\n\n<p>Contar\u00e1 con cuatro candelabros de guardabrisas de 4-5 puntos de luz, con forma de pi\u00f1a y una nueva cruz arb\u00f3rea tallada con cantoneras y dos escaleras que recorrer\u00e1n la trasera del paso de la Virgen.<\/p>\n\n\n\n<p>Con este proyecto, la nueva junta cumple el objetivo de estrenar nuevo paso procesional para Nuestra Se\u00f1ora de las Angustias y el Sant\u00edsimo Cristo de la Misericordia, confiando en el trabajo del Sr. Calero aportando la calidad necesaria para engrandecer el patrimonio de la ciudad condal, nuestra corporaci\u00f3n del Viernes Santo, y como culmen, aumentar la belleza de la Sant\u00edsima Virgen.<\/p>\n\n\n\n<p>Debido a que es un proyecto de gran envergadura para nuestra Hermandad, va a ser un proceso elaborado en diferentes fases-a\u00f1os, hasta obtener el resultado final. Todos aquellos hermanos, devotos y feligreses que quieran colaborar, pueden realizar su donativo en el n\u00famero de cuenta&nbsp;ES68 0081 02 17110001764179&nbsp;, o a trav\u00e9s de bizum al tel\u00e9fono 650507753.<\/p>\n","protected":false},"excerpt":{"rendered":"<p>El pasado domingo 17 de julio la Hermandad y Cofrad\u00eda de Nuestra Se\u00f1ora de las Angustias de Barcelona celebr\u00f3 Cabildo General Extraordinario, en el que los hermanos asistentes votaron y eligieron el proyecto final de paso procesional para nuestros Sagrados Titulares. Obra del sevillano Sr. Enrique Calero, autor del dise\u00f1o y encargado de llevar a [&hellip;]<\/p>\n","protected":false},"author":1,"featured_media":974,"comment_status":"open","ping_status":"open","sticky":false,"template":"","format":"standard","meta":{"footnotes":""},"categories":[19],"tags":[],"class_list":{"0":"post-973","1":"post","2":"type-post","3":"status-publish","4":"format-standard","5":"has-post-thumbnail","7":"category-actualidad"},"_links":{"self":[{"href":"https:\/\/raicesandaluzas.com\/revista\/wp-json\/wp\/v2\/posts\/973","targetHints":{"allow":["GET"]}}],"collection":[{"href":"https:\/\/raicesandaluzas.com\/revista\/wp-json\/wp\/v2\/posts"}],"about":[{"href":"https:\/\/raicesandaluzas.com\/revista\/wp-json\/wp\/v2\/types\/post"}],"author":[{"embeddable":true,"href":"https:\/\/raicesandaluzas.com\/revista\/wp-json\/wp\/v2\/users\/1"}],"replies":[{"embeddable":true,"href":"https:\/\/raicesandaluzas.com\/revista\/wp-json\/wp\/v2\/comments?post=973"}],"version-history":[{"count":1,"href":"https:\/\/raicesandaluzas.com\/revista\/wp-json\/wp\/v2\/posts\/973\/revisions"}],"predecessor-version":[{"id":975,"href":"https:\/\/raicesandaluzas.com\/revista\/wp-json\/wp\/v2\/posts\/973\/revisions\/975"}],"wp:featuredmedia":[{"embeddable":true,"href":"https:\/\/raicesandaluzas.com\/revista\/wp-json\/wp\/v2\/media\/974"}],"wp:attachment":[{"href":"https:\/\/raicesandaluzas.com\/revista\/wp-json\/wp\/v2\/media?parent=973"}],"wp:term":[{"taxonomy":"category","embeddable":true,"href":"https:\/\/raicesandaluzas.com\/revista\/wp-json\/wp\/v2\/categories?post=973"},{"taxonomy":"post_tag","embeddable":true,"href":"https:\/\/raicesandaluzas.com\/revista\/wp-json\/wp\/v2\/tags?post=973"}],"curies":[{"name":"wp","href":"https:\/\/api.w.org\/{rel}","templated":true}]}}