{"id":970,"date":"2022-07-17T11:21:00","date_gmt":"2022-07-17T11:21:00","guid":{"rendered":"https:\/\/raicesandaluzas.com\/revista\/?p=970"},"modified":"2022-07-19T11:22:51","modified_gmt":"2022-07-19T11:22:51","slug":"radio-teletaxi-celebrara-los-40-anos-con-una-macrofiesta-el-11-de-septiembre-en-illa-fantasia","status":"publish","type":"post","link":"https:\/\/raicesandaluzas.com\/revista\/2022\/07\/17\/radio-teletaxi-celebrara-los-40-anos-con-una-macrofiesta-el-11-de-septiembre-en-illa-fantasia\/","title":{"rendered":"Radio TeleTaxi celebrar\u00e1 los 40 a\u00f1os con una macrofiesta el 11 de septiembre en Illa Fantas\u00eda"},"content":{"rendered":"\n<p>Radio TeleTaxi cumple cuarenta a\u00f1os del inicio de sus emisiones y para celebrarlo organiza un festival con actuaciones musicales en Illa Fantas\u00eda (Vilassar de Dalt) el Once de septiembre, Diada Nacional de Catalunya. &nbsp;La macrofiesta se pretende que sea solidaria en favor del Banc dels Aliments.La entrada a la fiesta incluye el acceso a las atracciones acu\u00e1ticas del recinto.<\/p>\n\n\n\n<p>La emisora creada por Justo Molinero en 1982 en Santa Coloma de Gramenet surgi\u00f3 con vocaci\u00f3n de servicio para los profesionales del taxi en v\u00edsperas de los Campeonatos Mundiales de F\u00fatbol que se inauguraron en Barcelona. Con el tiempo, aquella emisora modesta se ha convertido en un poderoso grupo medi\u00e1tico que emite con 28 frecuencias de radio en Catalu\u00f1a, Arag\u00f3n, Valencia y Andorra, adem\u00e1s de poseer tres concesiones de televisi\u00f3n digital terrestre.<\/p>\n\n\n\n<p><strong>M\u00e1s de 40 artistas<\/strong><\/p>\n\n\n\n<p>Su nutrida audiencia y el numeroso grupo de amigos que Radio TeleTaxi ha atesorado durante estos cuarenta a\u00f1os hace que la acogida al macrofestival supere las previsiones iniciales. Desde las once de la ma\u00f1ana y a lo largo de todo aquel domingo 11 de septiembre desfilar\u00e1n por el escenario un conjunto de cuarenta artistas de la talla de:<\/p>\n\n\n\n<p>Estopa, Mar\u00eda Pel\u00e1e, Paco Candela, Los Manolos, Merche, Rosario Mohedano, Jennifer Rojo, Demarco Flamenco, la H\u00fangara, Kiko y Shara, Anto\u00f1ito Molina, Las Carlotas, Soles, Decai, Arco, Henry M\u00e9ndez, Tamara Alegre, Les Montses, Paco Valero, Ant\u00f3n Blanco, Jairo Cuevas, Elena Vargas, Dan Abredop, Adri\u00e1n Mu\u00f1oz, Javier R\u00edos, \u00c1lvaro D\u00edaz, Lorena G\u00f3mez y Javier Gin\u00e9s.<\/p>\n\n\n\n<p>La lista de adhesiones sigue abierta.<\/p>\n\n\n\n<p><strong>Solidaridad<\/strong><\/p>\n\n\n\n<p>Como es costumbre en los eventos multitudinarios de Radio TeleTaxi se quiere aprovechar la oportunidad para ayudar a alguna causa solidaria. En esta ocasi\u00f3n el beneficiario ser\u00e1 el Banc dels Aliments, muy necesitado de apoyo ciudadano en estos momentos de crisis econ\u00f3mica y social. Todos los asistentes provistos de entrada, incluidos los ni\u00f1os, deber\u00e1n entregar previamente en el lugar habilitado un lote de alimentos no perecederos.<\/p>\n\n\n\n<p><strong>Entradas<\/strong><strong><\/strong><\/p>\n\n\n\n<p>Ya se pueden adquirir las entradas a 15 euros. Los menores hasta 0,90 m de altura no pagan.<\/p>\n\n\n\n<ul class=\"wp-block-list\"><li>Por internet en el web de la emisora&nbsp; <a href=\"https:\/\/radioteletaxi.koobin.com\/40-aniversario\">https:\/\/radioteletaxi.koobin.com\/40-aniversario<\/a><\/li><li>En Radio Teletaxi, de lunes a viernes de 9h a 20h y s\u00e1bados de 9h a 14h . c\/ Sant Carles 40, Santa Coloma de Gramenet (Barcelona)<\/li><li>Todas las Oficinas de Correos<\/li><li>Restaurante Mundial. c\/ Cam\u00ed Ral 548, Matar\u00f3 (Barcelona)<\/li><li>Eli Oro, Av. de les Bases de Manresa 100, Manresa (Barcelona)<\/li><\/ul>\n\n\n\n<p>Desde diversas poblaciones de Catalu\u00f1a se est\u00e1 organizando el flete de autocares para facilitar la movilidad.<\/p>\n","protected":false},"excerpt":{"rendered":"<p>Radio TeleTaxi cumple cuarenta a\u00f1os del inicio de sus emisiones y para celebrarlo organiza un festival con actuaciones musicales en Illa Fantas\u00eda (Vilassar de Dalt) el Once de septiembre, Diada Nacional de Catalunya. &nbsp;La macrofiesta se pretende que sea solidaria en favor del Banc dels Aliments.La entrada a la fiesta incluye el acceso a las [&hellip;]<\/p>\n","protected":false},"author":1,"featured_media":971,"comment_status":"open","ping_status":"open","sticky":false,"template":"","format":"standard","meta":{"footnotes":""},"categories":[19],"tags":[],"class_list":{"0":"post-970","1":"post","2":"type-post","3":"status-publish","4":"format-standard","5":"has-post-thumbnail","7":"category-actualidad"},"_links":{"self":[{"href":"https:\/\/raicesandaluzas.com\/revista\/wp-json\/wp\/v2\/posts\/970","targetHints":{"allow":["GET"]}}],"collection":[{"href":"https:\/\/raicesandaluzas.com\/revista\/wp-json\/wp\/v2\/posts"}],"about":[{"href":"https:\/\/raicesandaluzas.com\/revista\/wp-json\/wp\/v2\/types\/post"}],"author":[{"embeddable":true,"href":"https:\/\/raicesandaluzas.com\/revista\/wp-json\/wp\/v2\/users\/1"}],"replies":[{"embeddable":true,"href":"https:\/\/raicesandaluzas.com\/revista\/wp-json\/wp\/v2\/comments?post=970"}],"version-history":[{"count":1,"href":"https:\/\/raicesandaluzas.com\/revista\/wp-json\/wp\/v2\/posts\/970\/revisions"}],"predecessor-version":[{"id":972,"href":"https:\/\/raicesandaluzas.com\/revista\/wp-json\/wp\/v2\/posts\/970\/revisions\/972"}],"wp:featuredmedia":[{"embeddable":true,"href":"https:\/\/raicesandaluzas.com\/revista\/wp-json\/wp\/v2\/media\/971"}],"wp:attachment":[{"href":"https:\/\/raicesandaluzas.com\/revista\/wp-json\/wp\/v2\/media?parent=970"}],"wp:term":[{"taxonomy":"category","embeddable":true,"href":"https:\/\/raicesandaluzas.com\/revista\/wp-json\/wp\/v2\/categories?post=970"},{"taxonomy":"post_tag","embeddable":true,"href":"https:\/\/raicesandaluzas.com\/revista\/wp-json\/wp\/v2\/tags?post=970"}],"curies":[{"name":"wp","href":"https:\/\/api.w.org\/{rel}","templated":true}]}}