{"id":963,"date":"2022-07-13T09:28:47","date_gmt":"2022-07-13T09:28:47","guid":{"rendered":"https:\/\/raicesandaluzas.com\/revista\/?p=963"},"modified":"2022-07-13T09:28:49","modified_gmt":"2022-07-13T09:28:49","slug":"la-tertulia-flamenca-de-badalona-cierra-por-vacaciones-con-la-actuacion-de-alex-morito-y-vargas","status":"publish","type":"post","link":"https:\/\/raicesandaluzas.com\/revista\/2022\/07\/13\/la-tertulia-flamenca-de-badalona-cierra-por-vacaciones-con-la-actuacion-de-alex-morito-y-vargas\/","title":{"rendered":"La Tertulia Flamenca de Badalona cierra por vacaciones con la actuaci\u00f3n de \u00c1lex, Morito y Vargas"},"content":{"rendered":"\n<p>Este pasado fin de semana la Tertulia Flamenca de Badalona celebr\u00f3 la jornada que pon\u00eda punto y final a sus actividades hasta septiembre. El acto cont\u00f3 con la actuaci\u00f3n de \u00c1lex, Morito y Vargas, un grupo de j\u00f3venes flamencos residentes en Badalona que participan de manera activa en las sesiones que organiza la Tertulia y que deleit\u00f3 a los presentes con cantes amplios y diversos, como soleares siguiriyas, bamberas, polo y ca\u00f1a, cantados con mucha jondura y conocimiento. Al acto asistieron unas 50 personas, entre ellas el alcalde de la localidad, Rub\u00e9n Guijarro, as\u00ed como representantes de diversos grupos municipales.<\/p>\n\n\n\n<div><a href=\"https:\/\/raicesandaluzas.com\/revista\/wp-content\/uploads\/2022\/07\/tertuliaflamencaBDN02-1024x436.jpg\" class=\"td-modal-image\"><figure class=\"wp-block-image size-large\"><img loading=\"lazy\" decoding=\"async\" width=\"1024\" height=\"436\" src=\"https:\/\/raicesandaluzas.com\/revista\/wp-content\/uploads\/2022\/07\/tertuliaflamencaBDN02-1024x436.jpg\" alt=\"\" class=\"wp-image-964\" srcset=\"https:\/\/raicesandaluzas.com\/revista\/wp-content\/uploads\/2022\/07\/tertuliaflamencaBDN02-1024x436.jpg 1024w, https:\/\/raicesandaluzas.com\/revista\/wp-content\/uploads\/2022\/07\/tertuliaflamencaBDN02-300x128.jpg 300w, https:\/\/raicesandaluzas.com\/revista\/wp-content\/uploads\/2022\/07\/tertuliaflamencaBDN02-768x327.jpg 768w, https:\/\/raicesandaluzas.com\/revista\/wp-content\/uploads\/2022\/07\/tertuliaflamencaBDN02-696x296.jpg 696w, https:\/\/raicesandaluzas.com\/revista\/wp-content\/uploads\/2022\/07\/tertuliaflamencaBDN02-1068x455.jpg 1068w, https:\/\/raicesandaluzas.com\/revista\/wp-content\/uploads\/2022\/07\/tertuliaflamencaBDN02-986x420.jpg 986w, https:\/\/raicesandaluzas.com\/revista\/wp-content\/uploads\/2022\/07\/tertuliaflamencaBDN02.jpg 1200w\" sizes=\"auto, (max-width: 1024px) 100vw, 1024px\" \/><\/figure><\/a><\/div>\n\n\n\n<p>Al d\u00eda siguiente, la Tertulia Flamenca de Badalona organiz\u00f3 un aperitivo y comida en la planta baja del hotel de entidades donde la entidad tiene su sede. El almuerzo acab\u00f3 siendo lo que se conoce como una reuni\u00f3n de cabales, gente aficionada con un alto conocimiento que cantan, escuchan y aprecian el cante flamenco. Se cant\u00f3 por siguiriyas, soleares, buler\u00edas, tangos, tarantos, peteneras, marianas, y muchos cantes m\u00e1s. En el acto se reunieron personalidades hist\u00f3ricas como Jos\u00e9 May\u00f3, Jos\u00e9 Serrano, y buenos aficionados flamencos como Jos\u00e9 de la Puebla, Jos\u00e9 Vargas, Juan de \u00dabeda, Manuel Alfambra, Pepi L\u00f3pez y Manuel Armentero. <\/p>\n\n\n\n<div><a href=\"https:\/\/raicesandaluzas.com\/revista\/wp-content\/uploads\/2022\/07\/tertuliaflamencaBDN03-1024x358.jpg\" class=\"td-modal-image\"><figure class=\"wp-block-image size-large\"><img loading=\"lazy\" decoding=\"async\" width=\"1024\" height=\"358\" src=\"https:\/\/raicesandaluzas.com\/revista\/wp-content\/uploads\/2022\/07\/tertuliaflamencaBDN03-1024x358.jpg\" alt=\"\" class=\"wp-image-965\" srcset=\"https:\/\/raicesandaluzas.com\/revista\/wp-content\/uploads\/2022\/07\/tertuliaflamencaBDN03-1024x358.jpg 1024w, https:\/\/raicesandaluzas.com\/revista\/wp-content\/uploads\/2022\/07\/tertuliaflamencaBDN03-300x105.jpg 300w, https:\/\/raicesandaluzas.com\/revista\/wp-content\/uploads\/2022\/07\/tertuliaflamencaBDN03-768x268.jpg 768w, https:\/\/raicesandaluzas.com\/revista\/wp-content\/uploads\/2022\/07\/tertuliaflamencaBDN03-696x243.jpg 696w, https:\/\/raicesandaluzas.com\/revista\/wp-content\/uploads\/2022\/07\/tertuliaflamencaBDN03-1068x373.jpg 1068w, https:\/\/raicesandaluzas.com\/revista\/wp-content\/uploads\/2022\/07\/tertuliaflamencaBDN03.jpg 1200w\" sizes=\"auto, (max-width: 1024px) 100vw, 1024px\" \/><\/figure><\/a><\/div>\n\n\n\n<div><a href=\"https:\/\/raicesandaluzas.com\/revista\/wp-content\/uploads\/2022\/07\/tertuliaflamencaBDN04-1024x430.jpg\" class=\"td-modal-image\"><figure class=\"wp-block-image size-large\"><img loading=\"lazy\" decoding=\"async\" width=\"1024\" height=\"430\" src=\"https:\/\/raicesandaluzas.com\/revista\/wp-content\/uploads\/2022\/07\/tertuliaflamencaBDN04-1024x430.jpg\" alt=\"\" class=\"wp-image-966\" srcset=\"https:\/\/raicesandaluzas.com\/revista\/wp-content\/uploads\/2022\/07\/tertuliaflamencaBDN04-1024x430.jpg 1024w, https:\/\/raicesandaluzas.com\/revista\/wp-content\/uploads\/2022\/07\/tertuliaflamencaBDN04-300x126.jpg 300w, https:\/\/raicesandaluzas.com\/revista\/wp-content\/uploads\/2022\/07\/tertuliaflamencaBDN04-768x323.jpg 768w, https:\/\/raicesandaluzas.com\/revista\/wp-content\/uploads\/2022\/07\/tertuliaflamencaBDN04-696x292.jpg 696w, https:\/\/raicesandaluzas.com\/revista\/wp-content\/uploads\/2022\/07\/tertuliaflamencaBDN04-1068x449.jpg 1068w, https:\/\/raicesandaluzas.com\/revista\/wp-content\/uploads\/2022\/07\/tertuliaflamencaBDN04-1000x420.jpg 1000w, https:\/\/raicesandaluzas.com\/revista\/wp-content\/uploads\/2022\/07\/tertuliaflamencaBDN04.jpg 1200w\" sizes=\"auto, (max-width: 1024px) 100vw, 1024px\" \/><\/figure><\/a><\/div>\n","protected":false},"excerpt":{"rendered":"<p>Este pasado fin de semana la Tertulia Flamenca de Badalona celebr\u00f3 la jornada que pon\u00eda punto y final a sus actividades hasta septiembre. El acto cont\u00f3 con la actuaci\u00f3n de \u00c1lex, Morito y Vargas, un grupo de j\u00f3venes flamencos residentes en Badalona que participan de manera activa en las sesiones que organiza la Tertulia y [&hellip;]<\/p>\n","protected":false},"author":1,"featured_media":967,"comment_status":"open","ping_status":"open","sticky":false,"template":"","format":"standard","meta":{"footnotes":""},"categories":[19,22],"tags":[],"class_list":{"0":"post-963","1":"post","2":"type-post","3":"status-publish","4":"format-standard","5":"has-post-thumbnail","7":"category-actualidad","8":"category-flamenco"},"_links":{"self":[{"href":"https:\/\/raicesandaluzas.com\/revista\/wp-json\/wp\/v2\/posts\/963","targetHints":{"allow":["GET"]}}],"collection":[{"href":"https:\/\/raicesandaluzas.com\/revista\/wp-json\/wp\/v2\/posts"}],"about":[{"href":"https:\/\/raicesandaluzas.com\/revista\/wp-json\/wp\/v2\/types\/post"}],"author":[{"embeddable":true,"href":"https:\/\/raicesandaluzas.com\/revista\/wp-json\/wp\/v2\/users\/1"}],"replies":[{"embeddable":true,"href":"https:\/\/raicesandaluzas.com\/revista\/wp-json\/wp\/v2\/comments?post=963"}],"version-history":[{"count":1,"href":"https:\/\/raicesandaluzas.com\/revista\/wp-json\/wp\/v2\/posts\/963\/revisions"}],"predecessor-version":[{"id":968,"href":"https:\/\/raicesandaluzas.com\/revista\/wp-json\/wp\/v2\/posts\/963\/revisions\/968"}],"wp:featuredmedia":[{"embeddable":true,"href":"https:\/\/raicesandaluzas.com\/revista\/wp-json\/wp\/v2\/media\/967"}],"wp:attachment":[{"href":"https:\/\/raicesandaluzas.com\/revista\/wp-json\/wp\/v2\/media?parent=963"}],"wp:term":[{"taxonomy":"category","embeddable":true,"href":"https:\/\/raicesandaluzas.com\/revista\/wp-json\/wp\/v2\/categories?post=963"},{"taxonomy":"post_tag","embeddable":true,"href":"https:\/\/raicesandaluzas.com\/revista\/wp-json\/wp\/v2\/tags?post=963"}],"curies":[{"name":"wp","href":"https:\/\/api.w.org\/{rel}","templated":true}]}}