{"id":937,"date":"2022-07-04T09:13:47","date_gmt":"2022-07-04T09:13:47","guid":{"rendered":"https:\/\/raicesandaluzas.com\/revista\/?p=937"},"modified":"2022-07-06T10:31:51","modified_gmt":"2022-07-06T10:31:51","slug":"el-cercat-entrega-los-premios-de-su-xvi-concurso-de-fotografia-rociera","status":"publish","type":"post","link":"https:\/\/raicesandaluzas.com\/revista\/2022\/07\/04\/el-cercat-entrega-los-premios-de-su-xvi-concurso-de-fotografia-rociera\/","title":{"rendered":"El CERCAT entrega los premios de su XVI Concurso de Fotograf\u00eda Rociera"},"content":{"rendered":"\n<p>Despu\u00e9s de dos a\u00f1os de celebrar la entrega de los premios del Concurso de Fotograf\u00eda Rociera de manera virtual por la pandemia, el Centro de Estudios Rocieros y Cultura Andaluza en Catalunya (CERCAT) ha podido volver a reunir a premiados, familia y amigos en los jardines del Museu d&#8217;hist\u00f2ria de la immigraci\u00f3 de Catalunya (MhiC) de Sant Adri\u00e0 de Bes\u00f2s este s\u00e1bado, 2 de julio, y entregar de manera presencial los galardones.<\/p>\n\n\n\n<p>El acto estuvo presidido por la alcaldesa de la ciudad, Filo Ca\u00f1ete, y acudieron diversas personalidades como el primer teniente de alcalde del consistorio adrianense y concejal de \u00c1rea de Ciudadan\u00eda y servicios a la persona, Hugo Ferrer, Rosa Vilallonga, concejala de Igualdad, Participaci\u00f3n Ciudadana, OAC y Solidaridad del Ayuntamiento de Sant Adri\u00e0, el presidente de la Federaci\u00f3n Andaluza de Comunidades (FAC), Emilio de la Chica, Paco Bernal, directivo de la Federaci\u00f3n de Entidades Culturales Andaluzas en Catalu\u00f1a (FECAC), Mar\u00eda \u00c1ngels Arrabal y Javier Rojano, representantes del Consejo General de Hermandades y Cofrad\u00edas de la Archidi\u00f3cesis de Barcelona, y Josefita Delgao, de la Asociaci\u00f3n de Mujeres Cofrades de Barcelona, entre otros. <\/p>\n\n\n\n<figure class=\"wp-block-gallery has-nested-images columns-default is-cropped wp-block-gallery-1 is-layout-flex wp-block-gallery-is-layout-flex\">\n<figure class=\"wp-block-image size-large\"><a href=\"https:\/\/raicesandaluzas.com\/revista\/wp-content\/uploads\/2022\/07\/entrega_premis_cercat_2022_07.jpg\"><img loading=\"lazy\" decoding=\"async\" width=\"1024\" height=\"683\" data-id=\"938\" src=\"https:\/\/raicesandaluzas.com\/revista\/wp-content\/uploads\/2022\/07\/entrega_premis_cercat_2022_07-1024x683.jpg\" alt=\"\" class=\"wp-image-938\" srcset=\"https:\/\/raicesandaluzas.com\/revista\/wp-content\/uploads\/2022\/07\/entrega_premis_cercat_2022_07-1024x683.jpg 1024w, https:\/\/raicesandaluzas.com\/revista\/wp-content\/uploads\/2022\/07\/entrega_premis_cercat_2022_07-300x200.jpg 300w, https:\/\/raicesandaluzas.com\/revista\/wp-content\/uploads\/2022\/07\/entrega_premis_cercat_2022_07-768x512.jpg 768w, https:\/\/raicesandaluzas.com\/revista\/wp-content\/uploads\/2022\/07\/entrega_premis_cercat_2022_07-696x464.jpg 696w, https:\/\/raicesandaluzas.com\/revista\/wp-content\/uploads\/2022\/07\/entrega_premis_cercat_2022_07-1068x712.jpg 1068w, https:\/\/raicesandaluzas.com\/revista\/wp-content\/uploads\/2022\/07\/entrega_premis_cercat_2022_07-630x420.jpg 630w, https:\/\/raicesandaluzas.com\/revista\/wp-content\/uploads\/2022\/07\/entrega_premis_cercat_2022_07.jpg 1200w\" sizes=\"auto, (max-width: 1024px) 100vw, 1024px\" \/><\/a><\/figure>\n\n\n\n<figure class=\"wp-block-image size-large\"><a href=\"https:\/\/raicesandaluzas.com\/revista\/wp-content\/uploads\/2022\/07\/entrega_premis_cercat_2022_02.jpg\"><img loading=\"lazy\" decoding=\"async\" width=\"1024\" height=\"683\" data-id=\"939\" src=\"https:\/\/raicesandaluzas.com\/revista\/wp-content\/uploads\/2022\/07\/entrega_premis_cercat_2022_02-1024x683.jpg\" alt=\"\" class=\"wp-image-939\" srcset=\"https:\/\/raicesandaluzas.com\/revista\/wp-content\/uploads\/2022\/07\/entrega_premis_cercat_2022_02-1024x683.jpg 1024w, https:\/\/raicesandaluzas.com\/revista\/wp-content\/uploads\/2022\/07\/entrega_premis_cercat_2022_02-300x200.jpg 300w, https:\/\/raicesandaluzas.com\/revista\/wp-content\/uploads\/2022\/07\/entrega_premis_cercat_2022_02-768x512.jpg 768w, https:\/\/raicesandaluzas.com\/revista\/wp-content\/uploads\/2022\/07\/entrega_premis_cercat_2022_02-696x464.jpg 696w, https:\/\/raicesandaluzas.com\/revista\/wp-content\/uploads\/2022\/07\/entrega_premis_cercat_2022_02-1068x712.jpg 1068w, https:\/\/raicesandaluzas.com\/revista\/wp-content\/uploads\/2022\/07\/entrega_premis_cercat_2022_02-630x420.jpg 630w, https:\/\/raicesandaluzas.com\/revista\/wp-content\/uploads\/2022\/07\/entrega_premis_cercat_2022_02.jpg 1200w\" sizes=\"auto, (max-width: 1024px) 100vw, 1024px\" \/><\/a><\/figure>\n\n\n\n<figure class=\"wp-block-image size-large\"><a href=\"https:\/\/raicesandaluzas.com\/revista\/wp-content\/uploads\/2022\/07\/entrega_premis_cercat_2022_03.jpg\"><img loading=\"lazy\" decoding=\"async\" width=\"1024\" height=\"683\" data-id=\"942\" src=\"https:\/\/raicesandaluzas.com\/revista\/wp-content\/uploads\/2022\/07\/entrega_premis_cercat_2022_03-1024x683.jpg\" alt=\"\" class=\"wp-image-942\" srcset=\"https:\/\/raicesandaluzas.com\/revista\/wp-content\/uploads\/2022\/07\/entrega_premis_cercat_2022_03-1024x683.jpg 1024w, https:\/\/raicesandaluzas.com\/revista\/wp-content\/uploads\/2022\/07\/entrega_premis_cercat_2022_03-300x200.jpg 300w, https:\/\/raicesandaluzas.com\/revista\/wp-content\/uploads\/2022\/07\/entrega_premis_cercat_2022_03-768x512.jpg 768w, https:\/\/raicesandaluzas.com\/revista\/wp-content\/uploads\/2022\/07\/entrega_premis_cercat_2022_03-696x464.jpg 696w, https:\/\/raicesandaluzas.com\/revista\/wp-content\/uploads\/2022\/07\/entrega_premis_cercat_2022_03-1068x712.jpg 1068w, https:\/\/raicesandaluzas.com\/revista\/wp-content\/uploads\/2022\/07\/entrega_premis_cercat_2022_03-630x420.jpg 630w, https:\/\/raicesandaluzas.com\/revista\/wp-content\/uploads\/2022\/07\/entrega_premis_cercat_2022_03.jpg 1200w\" sizes=\"auto, (max-width: 1024px) 100vw, 1024px\" \/><\/a><\/figure>\n\n\n\n<figure class=\"wp-block-image size-large\"><a href=\"https:\/\/raicesandaluzas.com\/revista\/wp-content\/uploads\/2022\/07\/entrega_premis_cercat_2022_04.jpg\"><img loading=\"lazy\" decoding=\"async\" width=\"1024\" height=\"683\" data-id=\"940\" src=\"https:\/\/raicesandaluzas.com\/revista\/wp-content\/uploads\/2022\/07\/entrega_premis_cercat_2022_04-1024x683.jpg\" alt=\"\" class=\"wp-image-940\" srcset=\"https:\/\/raicesandaluzas.com\/revista\/wp-content\/uploads\/2022\/07\/entrega_premis_cercat_2022_04-1024x683.jpg 1024w, https:\/\/raicesandaluzas.com\/revista\/wp-content\/uploads\/2022\/07\/entrega_premis_cercat_2022_04-300x200.jpg 300w, https:\/\/raicesandaluzas.com\/revista\/wp-content\/uploads\/2022\/07\/entrega_premis_cercat_2022_04-768x512.jpg 768w, https:\/\/raicesandaluzas.com\/revista\/wp-content\/uploads\/2022\/07\/entrega_premis_cercat_2022_04-696x464.jpg 696w, https:\/\/raicesandaluzas.com\/revista\/wp-content\/uploads\/2022\/07\/entrega_premis_cercat_2022_04-1068x712.jpg 1068w, https:\/\/raicesandaluzas.com\/revista\/wp-content\/uploads\/2022\/07\/entrega_premis_cercat_2022_04-630x420.jpg 630w, https:\/\/raicesandaluzas.com\/revista\/wp-content\/uploads\/2022\/07\/entrega_premis_cercat_2022_04.jpg 1200w\" sizes=\"auto, (max-width: 1024px) 100vw, 1024px\" \/><\/a><\/figure>\n\n\n\n<figure class=\"wp-block-image size-large\"><a href=\"https:\/\/raicesandaluzas.com\/revista\/wp-content\/uploads\/2022\/07\/entrega_premis_cercat_2022_05.jpg\"><img loading=\"lazy\" decoding=\"async\" width=\"1024\" height=\"683\" data-id=\"943\" src=\"https:\/\/raicesandaluzas.com\/revista\/wp-content\/uploads\/2022\/07\/entrega_premis_cercat_2022_05-1024x683.jpg\" alt=\"\" class=\"wp-image-943\" srcset=\"https:\/\/raicesandaluzas.com\/revista\/wp-content\/uploads\/2022\/07\/entrega_premis_cercat_2022_05-1024x683.jpg 1024w, https:\/\/raicesandaluzas.com\/revista\/wp-content\/uploads\/2022\/07\/entrega_premis_cercat_2022_05-300x200.jpg 300w, https:\/\/raicesandaluzas.com\/revista\/wp-content\/uploads\/2022\/07\/entrega_premis_cercat_2022_05-768x512.jpg 768w, https:\/\/raicesandaluzas.com\/revista\/wp-content\/uploads\/2022\/07\/entrega_premis_cercat_2022_05-696x464.jpg 696w, https:\/\/raicesandaluzas.com\/revista\/wp-content\/uploads\/2022\/07\/entrega_premis_cercat_2022_05-1068x712.jpg 1068w, https:\/\/raicesandaluzas.com\/revista\/wp-content\/uploads\/2022\/07\/entrega_premis_cercat_2022_05-630x420.jpg 630w, https:\/\/raicesandaluzas.com\/revista\/wp-content\/uploads\/2022\/07\/entrega_premis_cercat_2022_05.jpg 1200w\" sizes=\"auto, (max-width: 1024px) 100vw, 1024px\" \/><\/a><\/figure>\n\n\n\n<figure class=\"wp-block-image size-large\"><a href=\"https:\/\/raicesandaluzas.com\/revista\/wp-content\/uploads\/2022\/07\/entrega_premis_cercat_2022_06.jpg\"><img loading=\"lazy\" decoding=\"async\" width=\"1024\" height=\"683\" data-id=\"941\" src=\"https:\/\/raicesandaluzas.com\/revista\/wp-content\/uploads\/2022\/07\/entrega_premis_cercat_2022_06-1024x683.jpg\" alt=\"\" class=\"wp-image-941\" srcset=\"https:\/\/raicesandaluzas.com\/revista\/wp-content\/uploads\/2022\/07\/entrega_premis_cercat_2022_06-1024x683.jpg 1024w, https:\/\/raicesandaluzas.com\/revista\/wp-content\/uploads\/2022\/07\/entrega_premis_cercat_2022_06-300x200.jpg 300w, https:\/\/raicesandaluzas.com\/revista\/wp-content\/uploads\/2022\/07\/entrega_premis_cercat_2022_06-768x512.jpg 768w, https:\/\/raicesandaluzas.com\/revista\/wp-content\/uploads\/2022\/07\/entrega_premis_cercat_2022_06-696x464.jpg 696w, https:\/\/raicesandaluzas.com\/revista\/wp-content\/uploads\/2022\/07\/entrega_premis_cercat_2022_06-1068x712.jpg 1068w, https:\/\/raicesandaluzas.com\/revista\/wp-content\/uploads\/2022\/07\/entrega_premis_cercat_2022_06-630x420.jpg 630w, https:\/\/raicesandaluzas.com\/revista\/wp-content\/uploads\/2022\/07\/entrega_premis_cercat_2022_06.jpg 1200w\" sizes=\"auto, (max-width: 1024px) 100vw, 1024px\" \/><\/a><\/figure>\n<figcaption class=\"blocks-gallery-caption\">Fotos de Jordi Merino No\u00e9<\/figcaption><\/figure>\n\n\n\n<p>Los premios en la edici\u00f3n de 2022 de los premios, en sus tres categor\u00edas fueron: Joaquin Font, con su imagen \u201cQue quieres sentir los andares de la Virgen\u201d fue el ganador del primer premio en la categor\u00eda \u201cRomer\u00eda del Roc\u00edo\u201d, dotado con 150 euros, diploma y madalla FCF. Laura Aguilar, con \u201cLuz\u201d consigui\u00f3 el segundo (100 euros y diploma), Eva Parey, con \u201cRosario de la Aurora 1\u201d el tercero (50 euros y diploma), y Jos\u00e9 Luis Trinidad con \u201cRoc\u00edo 2008 lluvia\u201d consigui\u00f3 el cuarto (50 euros y diploma).<br>En la categor\u00eda \u201cCatalu\u00f1a cofrade\u201d, la ganadora fue Neus Aguilera, con \u201cRitus\u201d, consiguiendo as\u00ed los 150 euros, la medalla FCF y el diploma del primer premio. Daniel Font, con \u201cCenturi\u00f3n\u201d consigui\u00f3 el segundo (100 euros y diploma), Enric Estarl\u00ed, con \u201cM\u00f3vil\u201d el tercero (50 euros y diploma), e Izan Merino, con \u201cConectado a ti\u201d consigui\u00f3 el cuarto (50 euros y diploma).<br>En el premio especial \u201cFeria de Abril catalana\u201d, el ganador fue Jos\u00e9 reyes Belzunce, con \u201cFeria 3\u201d, consiguiendo as\u00ed los 100 euros y el diploma.  <\/p>\n\n\n\n<p>Tras ser entregados los galardones, y despu\u00e9s de las palabras de la alcaldesa adrianense y de la directora del CERCAT, Sandra Torres, los presentes pudieron disfrutar de la actuaci\u00f3n de los alumnos de las clases de flamenco de Costi el Chato, en colaboraci\u00f3n con el Centro Cultural Gitano de La Mina. <\/p>\n\n\n\n<figure class=\"wp-block-gallery has-nested-images columns-2 is-cropped wp-block-gallery-2 is-layout-flex wp-block-gallery-is-layout-flex\">\n<figure class=\"wp-block-image size-large\"><a href=\"https:\/\/raicesandaluzas.com\/revista\/wp-content\/uploads\/2022\/07\/entrega_premis_cercat_2022_11.jpg\"><img loading=\"lazy\" decoding=\"async\" width=\"1024\" height=\"683\" data-id=\"944\" src=\"https:\/\/raicesandaluzas.com\/revista\/wp-content\/uploads\/2022\/07\/entrega_premis_cercat_2022_11-1024x683.jpg\" alt=\"\" class=\"wp-image-944\" srcset=\"https:\/\/raicesandaluzas.com\/revista\/wp-content\/uploads\/2022\/07\/entrega_premis_cercat_2022_11-1024x683.jpg 1024w, https:\/\/raicesandaluzas.com\/revista\/wp-content\/uploads\/2022\/07\/entrega_premis_cercat_2022_11-300x200.jpg 300w, https:\/\/raicesandaluzas.com\/revista\/wp-content\/uploads\/2022\/07\/entrega_premis_cercat_2022_11-768x512.jpg 768w, https:\/\/raicesandaluzas.com\/revista\/wp-content\/uploads\/2022\/07\/entrega_premis_cercat_2022_11-696x464.jpg 696w, https:\/\/raicesandaluzas.com\/revista\/wp-content\/uploads\/2022\/07\/entrega_premis_cercat_2022_11-1068x712.jpg 1068w, https:\/\/raicesandaluzas.com\/revista\/wp-content\/uploads\/2022\/07\/entrega_premis_cercat_2022_11-630x420.jpg 630w, https:\/\/raicesandaluzas.com\/revista\/wp-content\/uploads\/2022\/07\/entrega_premis_cercat_2022_11.jpg 1200w\" sizes=\"auto, (max-width: 1024px) 100vw, 1024px\" \/><\/a><\/figure>\n\n\n\n<figure class=\"wp-block-image size-large\"><a href=\"https:\/\/raicesandaluzas.com\/revista\/wp-content\/uploads\/2022\/07\/entrega_premis_cercat_2022_12.jpg\"><img loading=\"lazy\" decoding=\"async\" width=\"1024\" height=\"683\" data-id=\"947\" src=\"https:\/\/raicesandaluzas.com\/revista\/wp-content\/uploads\/2022\/07\/entrega_premis_cercat_2022_12-1024x683.jpg\" alt=\"\" class=\"wp-image-947\" srcset=\"https:\/\/raicesandaluzas.com\/revista\/wp-content\/uploads\/2022\/07\/entrega_premis_cercat_2022_12-1024x683.jpg 1024w, https:\/\/raicesandaluzas.com\/revista\/wp-content\/uploads\/2022\/07\/entrega_premis_cercat_2022_12-300x200.jpg 300w, https:\/\/raicesandaluzas.com\/revista\/wp-content\/uploads\/2022\/07\/entrega_premis_cercat_2022_12-768x512.jpg 768w, https:\/\/raicesandaluzas.com\/revista\/wp-content\/uploads\/2022\/07\/entrega_premis_cercat_2022_12-696x464.jpg 696w, https:\/\/raicesandaluzas.com\/revista\/wp-content\/uploads\/2022\/07\/entrega_premis_cercat_2022_12-1068x712.jpg 1068w, https:\/\/raicesandaluzas.com\/revista\/wp-content\/uploads\/2022\/07\/entrega_premis_cercat_2022_12-630x420.jpg 630w, https:\/\/raicesandaluzas.com\/revista\/wp-content\/uploads\/2022\/07\/entrega_premis_cercat_2022_12.jpg 1200w\" sizes=\"auto, (max-width: 1024px) 100vw, 1024px\" \/><\/a><\/figure>\n\n\n\n<figure class=\"wp-block-image size-large\"><a href=\"https:\/\/raicesandaluzas.com\/revista\/wp-content\/uploads\/2022\/07\/entrega_premis_cercat_2022_08.jpg\"><img loading=\"lazy\" decoding=\"async\" width=\"1024\" height=\"683\" data-id=\"945\" src=\"https:\/\/raicesandaluzas.com\/revista\/wp-content\/uploads\/2022\/07\/entrega_premis_cercat_2022_08-1024x683.jpg\" alt=\"\" class=\"wp-image-945\" srcset=\"https:\/\/raicesandaluzas.com\/revista\/wp-content\/uploads\/2022\/07\/entrega_premis_cercat_2022_08-1024x683.jpg 1024w, https:\/\/raicesandaluzas.com\/revista\/wp-content\/uploads\/2022\/07\/entrega_premis_cercat_2022_08-300x200.jpg 300w, https:\/\/raicesandaluzas.com\/revista\/wp-content\/uploads\/2022\/07\/entrega_premis_cercat_2022_08-768x512.jpg 768w, https:\/\/raicesandaluzas.com\/revista\/wp-content\/uploads\/2022\/07\/entrega_premis_cercat_2022_08-696x464.jpg 696w, https:\/\/raicesandaluzas.com\/revista\/wp-content\/uploads\/2022\/07\/entrega_premis_cercat_2022_08-1068x712.jpg 1068w, https:\/\/raicesandaluzas.com\/revista\/wp-content\/uploads\/2022\/07\/entrega_premis_cercat_2022_08-630x420.jpg 630w, https:\/\/raicesandaluzas.com\/revista\/wp-content\/uploads\/2022\/07\/entrega_premis_cercat_2022_08.jpg 1200w\" sizes=\"auto, (max-width: 1024px) 100vw, 1024px\" \/><\/a><\/figure>\n\n\n\n<figure class=\"wp-block-image size-large\"><a href=\"https:\/\/raicesandaluzas.com\/revista\/wp-content\/uploads\/2022\/07\/entrega_premis_cercat_2022_10.jpg\"><img loading=\"lazy\" decoding=\"async\" width=\"1024\" height=\"683\" data-id=\"946\" src=\"https:\/\/raicesandaluzas.com\/revista\/wp-content\/uploads\/2022\/07\/entrega_premis_cercat_2022_10-1024x683.jpg\" alt=\"\" class=\"wp-image-946\" srcset=\"https:\/\/raicesandaluzas.com\/revista\/wp-content\/uploads\/2022\/07\/entrega_premis_cercat_2022_10-1024x683.jpg 1024w, https:\/\/raicesandaluzas.com\/revista\/wp-content\/uploads\/2022\/07\/entrega_premis_cercat_2022_10-300x200.jpg 300w, https:\/\/raicesandaluzas.com\/revista\/wp-content\/uploads\/2022\/07\/entrega_premis_cercat_2022_10-768x512.jpg 768w, https:\/\/raicesandaluzas.com\/revista\/wp-content\/uploads\/2022\/07\/entrega_premis_cercat_2022_10-696x464.jpg 696w, https:\/\/raicesandaluzas.com\/revista\/wp-content\/uploads\/2022\/07\/entrega_premis_cercat_2022_10-1068x712.jpg 1068w, https:\/\/raicesandaluzas.com\/revista\/wp-content\/uploads\/2022\/07\/entrega_premis_cercat_2022_10-630x420.jpg 630w, https:\/\/raicesandaluzas.com\/revista\/wp-content\/uploads\/2022\/07\/entrega_premis_cercat_2022_10.jpg 1200w\" sizes=\"auto, (max-width: 1024px) 100vw, 1024px\" \/><\/a><\/figure>\n<figcaption class=\"blocks-gallery-caption\">Varios momentos de la entrega de premios, con los discursos de la alcaldesa de Sant Adri\u00e0, Filo Ca\u00f1ete, y la directora del CERCAT, Sandra Torres. El acto concluy\u00f3 con la actuaci\u00f3n de los alumnos de las clases de flamenco de Costi el Chato. Fotograf\u00edas. Jordi Merino No\u00e9.<\/figcaption><\/figure>\n\n\n\n<figure class=\"wp-block-gallery has-nested-images columns-default is-cropped wp-block-gallery-3 is-layout-flex wp-block-gallery-is-layout-flex\">\n<figure class=\"wp-block-image size-large\"><a href=\"https:\/\/raicesandaluzas.com\/revista\/wp-content\/uploads\/2022\/07\/entregacercat01.jpg\"><img loading=\"lazy\" decoding=\"async\" width=\"1024\" height=\"621\" data-id=\"954\" src=\"https:\/\/raicesandaluzas.com\/revista\/wp-content\/uploads\/2022\/07\/entregacercat01-1024x621.jpg\" alt=\"\" class=\"wp-image-954\" srcset=\"https:\/\/raicesandaluzas.com\/revista\/wp-content\/uploads\/2022\/07\/entregacercat01-1024x621.jpg 1024w, https:\/\/raicesandaluzas.com\/revista\/wp-content\/uploads\/2022\/07\/entregacercat01-300x182.jpg 300w, https:\/\/raicesandaluzas.com\/revista\/wp-content\/uploads\/2022\/07\/entregacercat01-768x466.jpg 768w, https:\/\/raicesandaluzas.com\/revista\/wp-content\/uploads\/2022\/07\/entregacercat01-696x422.jpg 696w, https:\/\/raicesandaluzas.com\/revista\/wp-content\/uploads\/2022\/07\/entregacercat01-1068x648.jpg 1068w, https:\/\/raicesandaluzas.com\/revista\/wp-content\/uploads\/2022\/07\/entregacercat01-692x420.jpg 692w, https:\/\/raicesandaluzas.com\/revista\/wp-content\/uploads\/2022\/07\/entregacercat01.jpg 1200w\" sizes=\"auto, (max-width: 1024px) 100vw, 1024px\" \/><\/a><\/figure>\n\n\n\n<figure class=\"wp-block-image size-large\"><a href=\"https:\/\/raicesandaluzas.com\/revista\/wp-content\/uploads\/2022\/07\/entregacercat02.jpg\"><img loading=\"lazy\" decoding=\"async\" width=\"1024\" height=\"680\" data-id=\"955\" src=\"https:\/\/raicesandaluzas.com\/revista\/wp-content\/uploads\/2022\/07\/entregacercat02-1024x680.jpg\" alt=\"\" class=\"wp-image-955\" srcset=\"https:\/\/raicesandaluzas.com\/revista\/wp-content\/uploads\/2022\/07\/entregacercat02-1024x680.jpg 1024w, https:\/\/raicesandaluzas.com\/revista\/wp-content\/uploads\/2022\/07\/entregacercat02-300x199.jpg 300w, https:\/\/raicesandaluzas.com\/revista\/wp-content\/uploads\/2022\/07\/entregacercat02-768x510.jpg 768w, https:\/\/raicesandaluzas.com\/revista\/wp-content\/uploads\/2022\/07\/entregacercat02-696x462.jpg 696w, https:\/\/raicesandaluzas.com\/revista\/wp-content\/uploads\/2022\/07\/entregacercat02-1068x709.jpg 1068w, https:\/\/raicesandaluzas.com\/revista\/wp-content\/uploads\/2022\/07\/entregacercat02-632x420.jpg 632w, https:\/\/raicesandaluzas.com\/revista\/wp-content\/uploads\/2022\/07\/entregacercat02.jpg 1200w\" sizes=\"auto, (max-width: 1024px) 100vw, 1024px\" \/><\/a><\/figure>\n\n\n\n<figure class=\"wp-block-image size-large\"><a href=\"https:\/\/raicesandaluzas.com\/revista\/wp-content\/uploads\/2022\/07\/entregacercat03.jpg\"><img loading=\"lazy\" decoding=\"async\" width=\"1024\" height=\"641\" data-id=\"959\" src=\"https:\/\/raicesandaluzas.com\/revista\/wp-content\/uploads\/2022\/07\/entregacercat03-1024x641.jpg\" alt=\"\" class=\"wp-image-959\" srcset=\"https:\/\/raicesandaluzas.com\/revista\/wp-content\/uploads\/2022\/07\/entregacercat03-1024x641.jpg 1024w, https:\/\/raicesandaluzas.com\/revista\/wp-content\/uploads\/2022\/07\/entregacercat03-300x188.jpg 300w, https:\/\/raicesandaluzas.com\/revista\/wp-content\/uploads\/2022\/07\/entregacercat03-768x481.jpg 768w, https:\/\/raicesandaluzas.com\/revista\/wp-content\/uploads\/2022\/07\/entregacercat03-696x436.jpg 696w, https:\/\/raicesandaluzas.com\/revista\/wp-content\/uploads\/2022\/07\/entregacercat03-1068x668.jpg 1068w, https:\/\/raicesandaluzas.com\/revista\/wp-content\/uploads\/2022\/07\/entregacercat03-671x420.jpg 671w, https:\/\/raicesandaluzas.com\/revista\/wp-content\/uploads\/2022\/07\/entregacercat03.jpg 1200w\" sizes=\"auto, (max-width: 1024px) 100vw, 1024px\" \/><\/a><\/figure>\n\n\n\n<figure class=\"wp-block-image size-large\"><a href=\"https:\/\/raicesandaluzas.com\/revista\/wp-content\/uploads\/2022\/07\/entregacercat04.jpg\"><img loading=\"lazy\" decoding=\"async\" width=\"1024\" height=\"783\" data-id=\"957\" src=\"https:\/\/raicesandaluzas.com\/revista\/wp-content\/uploads\/2022\/07\/entregacercat04-1024x783.jpg\" alt=\"\" class=\"wp-image-957\" srcset=\"https:\/\/raicesandaluzas.com\/revista\/wp-content\/uploads\/2022\/07\/entregacercat04-1024x783.jpg 1024w, https:\/\/raicesandaluzas.com\/revista\/wp-content\/uploads\/2022\/07\/entregacercat04-300x230.jpg 300w, https:\/\/raicesandaluzas.com\/revista\/wp-content\/uploads\/2022\/07\/entregacercat04-768x588.jpg 768w, https:\/\/raicesandaluzas.com\/revista\/wp-content\/uploads\/2022\/07\/entregacercat04-696x532.jpg 696w, https:\/\/raicesandaluzas.com\/revista\/wp-content\/uploads\/2022\/07\/entregacercat04-1068x817.jpg 1068w, https:\/\/raicesandaluzas.com\/revista\/wp-content\/uploads\/2022\/07\/entregacercat04-549x420.jpg 549w, https:\/\/raicesandaluzas.com\/revista\/wp-content\/uploads\/2022\/07\/entregacercat04-80x60.jpg 80w, https:\/\/raicesandaluzas.com\/revista\/wp-content\/uploads\/2022\/07\/entregacercat04.jpg 1200w\" sizes=\"auto, (max-width: 1024px) 100vw, 1024px\" \/><\/a><\/figure>\n\n\n\n<figure class=\"wp-block-image size-large\"><a href=\"https:\/\/raicesandaluzas.com\/revista\/wp-content\/uploads\/2022\/07\/entregacercat05.jpg\"><img loading=\"lazy\" decoding=\"async\" width=\"1024\" height=\"678\" data-id=\"956\" src=\"https:\/\/raicesandaluzas.com\/revista\/wp-content\/uploads\/2022\/07\/entregacercat05-1024x678.jpg\" alt=\"\" class=\"wp-image-956\" srcset=\"https:\/\/raicesandaluzas.com\/revista\/wp-content\/uploads\/2022\/07\/entregacercat05-1024x678.jpg 1024w, https:\/\/raicesandaluzas.com\/revista\/wp-content\/uploads\/2022\/07\/entregacercat05-300x199.jpg 300w, https:\/\/raicesandaluzas.com\/revista\/wp-content\/uploads\/2022\/07\/entregacercat05-768x509.jpg 768w, https:\/\/raicesandaluzas.com\/revista\/wp-content\/uploads\/2022\/07\/entregacercat05-696x461.jpg 696w, https:\/\/raicesandaluzas.com\/revista\/wp-content\/uploads\/2022\/07\/entregacercat05-1068x708.jpg 1068w, https:\/\/raicesandaluzas.com\/revista\/wp-content\/uploads\/2022\/07\/entregacercat05-634x420.jpg 634w, https:\/\/raicesandaluzas.com\/revista\/wp-content\/uploads\/2022\/07\/entregacercat05.jpg 1200w\" sizes=\"auto, (max-width: 1024px) 100vw, 1024px\" \/><\/a><\/figure>\n\n\n\n<figure class=\"wp-block-image size-large\"><a href=\"https:\/\/raicesandaluzas.com\/revista\/wp-content\/uploads\/2022\/07\/entregacercat07.jpg\"><img loading=\"lazy\" decoding=\"async\" width=\"1024\" height=\"916\" data-id=\"953\" src=\"https:\/\/raicesandaluzas.com\/revista\/wp-content\/uploads\/2022\/07\/entregacercat07-1024x916.jpg\" alt=\"\" class=\"wp-image-953\" srcset=\"https:\/\/raicesandaluzas.com\/revista\/wp-content\/uploads\/2022\/07\/entregacercat07-1024x916.jpg 1024w, https:\/\/raicesandaluzas.com\/revista\/wp-content\/uploads\/2022\/07\/entregacercat07-300x268.jpg 300w, https:\/\/raicesandaluzas.com\/revista\/wp-content\/uploads\/2022\/07\/entregacercat07-768x687.jpg 768w, https:\/\/raicesandaluzas.com\/revista\/wp-content\/uploads\/2022\/07\/entregacercat07-696x622.jpg 696w, https:\/\/raicesandaluzas.com\/revista\/wp-content\/uploads\/2022\/07\/entregacercat07-1068x955.jpg 1068w, https:\/\/raicesandaluzas.com\/revista\/wp-content\/uploads\/2022\/07\/entregacercat07-470x420.jpg 470w, https:\/\/raicesandaluzas.com\/revista\/wp-content\/uploads\/2022\/07\/entregacercat07.jpg 1200w\" sizes=\"auto, (max-width: 1024px) 100vw, 1024px\" \/><\/a><\/figure>\n<figcaption class=\"blocks-gallery-caption\">Fotograf\u00edas: CERCAT<\/figcaption><\/figure>\n\n\n\n<p><\/p>\n","protected":false},"excerpt":{"rendered":"<p>Despu\u00e9s de dos a\u00f1os de celebrar la entrega de los premios del Concurso de Fotograf\u00eda Rociera de manera virtual por la pandemia, el Centro de Estudios Rocieros y Cultura Andaluza en Catalunya (CERCAT) ha podido volver a reunir a premiados, familia y amigos en los jardines del Museu d&#8217;hist\u00f2ria de la immigraci\u00f3 de Catalunya (MhiC) [&hellip;]<\/p>\n","protected":false},"author":1,"featured_media":950,"comment_status":"open","ping_status":"open","sticky":false,"template":"","format":"standard","meta":{"footnotes":""},"categories":[19,21],"tags":[],"class_list":{"0":"post-937","1":"post","2":"type-post","3":"status-publish","4":"format-standard","5":"has-post-thumbnail","7":"category-actualidad","8":"category-raices-rocieras"},"_links":{"self":[{"href":"https:\/\/raicesandaluzas.com\/revista\/wp-json\/wp\/v2\/posts\/937","targetHints":{"allow":["GET"]}}],"collection":[{"href":"https:\/\/raicesandaluzas.com\/revista\/wp-json\/wp\/v2\/posts"}],"about":[{"href":"https:\/\/raicesandaluzas.com\/revista\/wp-json\/wp\/v2\/types\/post"}],"author":[{"embeddable":true,"href":"https:\/\/raicesandaluzas.com\/revista\/wp-json\/wp\/v2\/users\/1"}],"replies":[{"embeddable":true,"href":"https:\/\/raicesandaluzas.com\/revista\/wp-json\/wp\/v2\/comments?post=937"}],"version-history":[{"count":4,"href":"https:\/\/raicesandaluzas.com\/revista\/wp-json\/wp\/v2\/posts\/937\/revisions"}],"predecessor-version":[{"id":961,"href":"https:\/\/raicesandaluzas.com\/revista\/wp-json\/wp\/v2\/posts\/937\/revisions\/961"}],"wp:featuredmedia":[{"embeddable":true,"href":"https:\/\/raicesandaluzas.com\/revista\/wp-json\/wp\/v2\/media\/950"}],"wp:attachment":[{"href":"https:\/\/raicesandaluzas.com\/revista\/wp-json\/wp\/v2\/media?parent=937"}],"wp:term":[{"taxonomy":"category","embeddable":true,"href":"https:\/\/raicesandaluzas.com\/revista\/wp-json\/wp\/v2\/categories?post=937"},{"taxonomy":"post_tag","embeddable":true,"href":"https:\/\/raicesandaluzas.com\/revista\/wp-json\/wp\/v2\/tags?post=937"}],"curies":[{"name":"wp","href":"https:\/\/api.w.org\/{rel}","templated":true}]}}