{"id":926,"date":"2022-06-29T11:40:08","date_gmt":"2022-06-29T11:40:08","guid":{"rendered":"https:\/\/raicesandaluzas.com\/revista\/?p=926"},"modified":"2022-06-29T11:40:10","modified_gmt":"2022-06-29T11:40:10","slug":"el-xvi-concurso-de-fotografia-rociera-del-cercat-ya-tiene-ganadores","status":"publish","type":"post","link":"https:\/\/raicesandaluzas.com\/revista\/2022\/06\/29\/el-xvi-concurso-de-fotografia-rociera-del-cercat-ya-tiene-ganadores\/","title":{"rendered":"El XVI Concurso de Fotograf\u00eda Rociera del CERCAT ya tiene ganadores"},"content":{"rendered":"\n<p>Ayer, 28 de junio, se fallaron los premios del XVI Concurso de Fotograf\u00eda del Centro de Estudios Rocieros y Cultura Andaluza en Catalu\u00f1a (CERCAT). Joaquin Font, con su imagen \u201cQue quieres sentir los andares de la Virgen\u201d fue la ganadora del primer premio en la categor\u00eda \u201cRomer\u00eda del Roc\u00edo\u201d, dotado con 150 euros, diploma y madalla FCF. Laura Aguilar, con \u201cLuz\u201d consigui\u00f3 el segundo (100 euros y diploma), Eva Parey, con \u201cRosario de la Aurora 1\u201d el tercero (50 euros y diploma), y Jos\u00e9 Luis Trinidad con \u201cRoc\u00edo 2008 lluvia\u201d consigui\u00f3 el cuarto (50 euros y diploma).<br>En la categor\u00eda \u201cCatalu\u00f1a cofrade\u201d, la ganadora fue Neus Aguilera, con \u201cRitus\u201d, consiguiendo as\u00ed los 150 euros, la medalla FCF y el diploma del primer premio. Daniel Font, con \u201cCenturi\u00f3n\u201d consigui\u00f3 el segundo (100 euros y diploma), Enric Estarl\u00ed, con \u201cM\u00f3vil\u201d el tercero (50 euros y diploma), e Izan Merino, con \u201cConectado a ti\u201d consigui\u00f3 el cuarto (50 euros y diploma).<br>En el premio especial \u201cFeria de Abril catalana\u201d, el ganador fue Jos\u00e9 reyes Belzunce, con \u201cFeria 3\u201d, consiguiendo as\u00ed los 100 euros y el diploma.<br>El jurado estuvo formato por Juan Tejero, de l\u2019Associaci\u00f3 Fotogr\u00e0fica La Garriga, Andreu Noguero, ganador del XV Concurso de Fotograf\u00eda Rociera, Rosa Villalonga, concejala del Ayuntamiento de Sant Adri\u00e0, Manel Riera, presidente del Consell General de Germandats i Confraries de l\u2019Arxidi\u00f2cesi de Barcelona, y Sandra Torres, presidenta del CERCAT.<br>Los premios se entregar\u00e1n el pr\u00f3ximo s\u00e1bado 2 de julio en los jardines del Museu d\u2019hist\u00f2ria de la immigraci\u00f3n de Catalunya (MhiC) a las 19 horas en un acto abierto a la ciudadan\u00eda.<\/p>\n\n\n\n<div><a href=\"https:\/\/raicesandaluzas.com\/revista\/wp-content\/uploads\/2022\/06\/02_Roci_2022-1024x683.jpg\" class=\"td-modal-image\"><figure class=\"wp-block-image size-large\"><img loading=\"lazy\" decoding=\"async\" width=\"1024\" height=\"683\" src=\"https:\/\/raicesandaluzas.com\/revista\/wp-content\/uploads\/2022\/06\/02_Roci_2022-1024x683.jpg\" alt=\"\" class=\"wp-image-927\" srcset=\"https:\/\/raicesandaluzas.com\/revista\/wp-content\/uploads\/2022\/06\/02_Roci_2022-1024x683.jpg 1024w, https:\/\/raicesandaluzas.com\/revista\/wp-content\/uploads\/2022\/06\/02_Roci_2022-300x200.jpg 300w, https:\/\/raicesandaluzas.com\/revista\/wp-content\/uploads\/2022\/06\/02_Roci_2022-768x512.jpg 768w, https:\/\/raicesandaluzas.com\/revista\/wp-content\/uploads\/2022\/06\/02_Roci_2022-696x464.jpg 696w, https:\/\/raicesandaluzas.com\/revista\/wp-content\/uploads\/2022\/06\/02_Roci_2022-1068x712.jpg 1068w, https:\/\/raicesandaluzas.com\/revista\/wp-content\/uploads\/2022\/06\/02_Roci_2022-630x420.jpg 630w, https:\/\/raicesandaluzas.com\/revista\/wp-content\/uploads\/2022\/06\/02_Roci_2022.jpg 1200w\" sizes=\"auto, (max-width: 1024px) 100vw, 1024px\" \/><figcaption>Segundo premio en la categor\u00eda \u00abRomer\u00eda del Roc\u00edo\u00bb, \u00abLuz\u00bb, de Laura Aguilar.<\/figcaption><\/figure><\/a><\/div>\n\n\n\n<div><a href=\"https:\/\/raicesandaluzas.com\/revista\/wp-content\/uploads\/2022\/06\/03_Roci_2022-1024x683.jpg\" class=\"td-modal-image\"><figure class=\"wp-block-image size-large\"><img loading=\"lazy\" decoding=\"async\" width=\"1024\" height=\"683\" src=\"https:\/\/raicesandaluzas.com\/revista\/wp-content\/uploads\/2022\/06\/03_Roci_2022-1024x683.jpg\" alt=\"\" class=\"wp-image-928\" srcset=\"https:\/\/raicesandaluzas.com\/revista\/wp-content\/uploads\/2022\/06\/03_Roci_2022-1024x683.jpg 1024w, https:\/\/raicesandaluzas.com\/revista\/wp-content\/uploads\/2022\/06\/03_Roci_2022-300x200.jpg 300w, https:\/\/raicesandaluzas.com\/revista\/wp-content\/uploads\/2022\/06\/03_Roci_2022-768x512.jpg 768w, https:\/\/raicesandaluzas.com\/revista\/wp-content\/uploads\/2022\/06\/03_Roci_2022-696x464.jpg 696w, https:\/\/raicesandaluzas.com\/revista\/wp-content\/uploads\/2022\/06\/03_Roci_2022-1068x712.jpg 1068w, https:\/\/raicesandaluzas.com\/revista\/wp-content\/uploads\/2022\/06\/03_Roci_2022-630x420.jpg 630w, https:\/\/raicesandaluzas.com\/revista\/wp-content\/uploads\/2022\/06\/03_Roci_2022.jpg 1200w\" sizes=\"auto, (max-width: 1024px) 100vw, 1024px\" \/><figcaption>Tercer premio en la categor\u00eda \u00abRomer\u00eda del Roc\u00edo\u00bb, \u00abRosario de la Aurora 1\u00bb, de Eva Parey.<\/figcaption><\/figure><\/a><\/div>\n\n\n\n<div><a href=\"https:\/\/raicesandaluzas.com\/revista\/wp-content\/uploads\/2022\/06\/04_Roci_2022-1024x900.jpg\" class=\"td-modal-image\"><figure class=\"wp-block-image size-large\"><img loading=\"lazy\" decoding=\"async\" width=\"1024\" height=\"900\" src=\"https:\/\/raicesandaluzas.com\/revista\/wp-content\/uploads\/2022\/06\/04_Roci_2022-1024x900.jpg\" alt=\"\" class=\"wp-image-929\" srcset=\"https:\/\/raicesandaluzas.com\/revista\/wp-content\/uploads\/2022\/06\/04_Roci_2022-1024x900.jpg 1024w, https:\/\/raicesandaluzas.com\/revista\/wp-content\/uploads\/2022\/06\/04_Roci_2022-300x264.jpg 300w, https:\/\/raicesandaluzas.com\/revista\/wp-content\/uploads\/2022\/06\/04_Roci_2022-768x675.jpg 768w, https:\/\/raicesandaluzas.com\/revista\/wp-content\/uploads\/2022\/06\/04_Roci_2022-696x612.jpg 696w, https:\/\/raicesandaluzas.com\/revista\/wp-content\/uploads\/2022\/06\/04_Roci_2022-1068x939.jpg 1068w, https:\/\/raicesandaluzas.com\/revista\/wp-content\/uploads\/2022\/06\/04_Roci_2022-478x420.jpg 478w, https:\/\/raicesandaluzas.com\/revista\/wp-content\/uploads\/2022\/06\/04_Roci_2022.jpg 1200w\" sizes=\"auto, (max-width: 1024px) 100vw, 1024px\" \/><figcaption>Cuarto premio en la categor\u00eda \u00abRomer\u00eda del Roc\u00edo\u00bb, \u00abRoc\u00edo 2008 lluvia\u00bb, de Jos\u00e9 Luis Trinidad.<\/figcaption><\/figure><\/a><\/div>\n\n\n\n<div><a href=\"https:\/\/raicesandaluzas.com\/revista\/wp-content\/uploads\/2022\/06\/01_Cofrade_2022-1024x683.jpg\" class=\"td-modal-image\"><figure class=\"wp-block-image size-large\"><img loading=\"lazy\" decoding=\"async\" width=\"1024\" height=\"683\" src=\"https:\/\/raicesandaluzas.com\/revista\/wp-content\/uploads\/2022\/06\/01_Cofrade_2022-1024x683.jpg\" alt=\"\" class=\"wp-image-930\" srcset=\"https:\/\/raicesandaluzas.com\/revista\/wp-content\/uploads\/2022\/06\/01_Cofrade_2022-1024x683.jpg 1024w, https:\/\/raicesandaluzas.com\/revista\/wp-content\/uploads\/2022\/06\/01_Cofrade_2022-300x200.jpg 300w, https:\/\/raicesandaluzas.com\/revista\/wp-content\/uploads\/2022\/06\/01_Cofrade_2022-768x512.jpg 768w, https:\/\/raicesandaluzas.com\/revista\/wp-content\/uploads\/2022\/06\/01_Cofrade_2022-696x464.jpg 696w, https:\/\/raicesandaluzas.com\/revista\/wp-content\/uploads\/2022\/06\/01_Cofrade_2022-1068x712.jpg 1068w, https:\/\/raicesandaluzas.com\/revista\/wp-content\/uploads\/2022\/06\/01_Cofrade_2022-630x420.jpg 630w, https:\/\/raicesandaluzas.com\/revista\/wp-content\/uploads\/2022\/06\/01_Cofrade_2022.jpg 1200w\" sizes=\"auto, (max-width: 1024px) 100vw, 1024px\" \/><figcaption>Primer premio en la categor\u00eda \u00abCatalunya Cofrade\u00bb, \u00abRitus\u00bb, de Neus Aguilera.<\/figcaption><\/figure><\/a><\/div>\n\n\n\n<div><a href=\"https:\/\/raicesandaluzas.com\/revista\/wp-content\/uploads\/2022\/06\/02_Cofrade_2022-825x1024.jpg\" class=\"td-modal-image\"><figure class=\"wp-block-image size-large\"><img loading=\"lazy\" decoding=\"async\" width=\"825\" height=\"1024\" src=\"https:\/\/raicesandaluzas.com\/revista\/wp-content\/uploads\/2022\/06\/02_Cofrade_2022-825x1024.jpg\" alt=\"\" class=\"wp-image-931\" srcset=\"https:\/\/raicesandaluzas.com\/revista\/wp-content\/uploads\/2022\/06\/02_Cofrade_2022-825x1024.jpg 825w, https:\/\/raicesandaluzas.com\/revista\/wp-content\/uploads\/2022\/06\/02_Cofrade_2022-242x300.jpg 242w, https:\/\/raicesandaluzas.com\/revista\/wp-content\/uploads\/2022\/06\/02_Cofrade_2022-768x953.jpg 768w, https:\/\/raicesandaluzas.com\/revista\/wp-content\/uploads\/2022\/06\/02_Cofrade_2022-696x864.jpg 696w, https:\/\/raicesandaluzas.com\/revista\/wp-content\/uploads\/2022\/06\/02_Cofrade_2022-338x420.jpg 338w, https:\/\/raicesandaluzas.com\/revista\/wp-content\/uploads\/2022\/06\/02_Cofrade_2022.jpg 967w\" sizes=\"auto, (max-width: 825px) 100vw, 825px\" \/><figcaption>Segundo premio en la categor\u00eda \u00abCatalunya Cofrade\u00bb, \u00abCenturi\u00f3n\u00bb, de Daniel Font.<\/figcaption><\/figure><\/a><\/div>\n\n\n\n<div><a href=\"https:\/\/raicesandaluzas.com\/revista\/wp-content\/uploads\/2022\/06\/03_Cofrade_2022-1024x726.jpg\" class=\"td-modal-image\"><figure class=\"wp-block-image size-large\"><img loading=\"lazy\" decoding=\"async\" width=\"1024\" height=\"726\" src=\"https:\/\/raicesandaluzas.com\/revista\/wp-content\/uploads\/2022\/06\/03_Cofrade_2022-1024x726.jpg\" alt=\"\" class=\"wp-image-932\" srcset=\"https:\/\/raicesandaluzas.com\/revista\/wp-content\/uploads\/2022\/06\/03_Cofrade_2022-1024x726.jpg 1024w, https:\/\/raicesandaluzas.com\/revista\/wp-content\/uploads\/2022\/06\/03_Cofrade_2022-300x213.jpg 300w, https:\/\/raicesandaluzas.com\/revista\/wp-content\/uploads\/2022\/06\/03_Cofrade_2022-768x545.jpg 768w, https:\/\/raicesandaluzas.com\/revista\/wp-content\/uploads\/2022\/06\/03_Cofrade_2022-696x494.jpg 696w, https:\/\/raicesandaluzas.com\/revista\/wp-content\/uploads\/2022\/06\/03_Cofrade_2022-1068x757.jpg 1068w, https:\/\/raicesandaluzas.com\/revista\/wp-content\/uploads\/2022\/06\/03_Cofrade_2022-592x420.jpg 592w, https:\/\/raicesandaluzas.com\/revista\/wp-content\/uploads\/2022\/06\/03_Cofrade_2022-100x70.jpg 100w, https:\/\/raicesandaluzas.com\/revista\/wp-content\/uploads\/2022\/06\/03_Cofrade_2022.jpg 1200w\" sizes=\"auto, (max-width: 1024px) 100vw, 1024px\" \/><figcaption>Tercer premio en la categor\u00eda \u00abCatalunya Cofrade\u00bb, \u00abM\u00f3vil\u00bb, de Enric Estarl\u00ed<\/figcaption><\/figure><\/a><\/div>\n\n\n\n<div><a href=\"https:\/\/raicesandaluzas.com\/revista\/wp-content\/uploads\/2022\/06\/04_Cofrade_2022-1024x680.jpg\" class=\"td-modal-image\"><figure class=\"wp-block-image size-large\"><img loading=\"lazy\" decoding=\"async\" width=\"1024\" height=\"680\" src=\"https:\/\/raicesandaluzas.com\/revista\/wp-content\/uploads\/2022\/06\/04_Cofrade_2022-1024x680.jpg\" alt=\"\" class=\"wp-image-933\" srcset=\"https:\/\/raicesandaluzas.com\/revista\/wp-content\/uploads\/2022\/06\/04_Cofrade_2022-1024x680.jpg 1024w, https:\/\/raicesandaluzas.com\/revista\/wp-content\/uploads\/2022\/06\/04_Cofrade_2022-300x199.jpg 300w, https:\/\/raicesandaluzas.com\/revista\/wp-content\/uploads\/2022\/06\/04_Cofrade_2022-768x510.jpg 768w, https:\/\/raicesandaluzas.com\/revista\/wp-content\/uploads\/2022\/06\/04_Cofrade_2022-696x462.jpg 696w, https:\/\/raicesandaluzas.com\/revista\/wp-content\/uploads\/2022\/06\/04_Cofrade_2022-1068x709.jpg 1068w, https:\/\/raicesandaluzas.com\/revista\/wp-content\/uploads\/2022\/06\/04_Cofrade_2022-632x420.jpg 632w, https:\/\/raicesandaluzas.com\/revista\/wp-content\/uploads\/2022\/06\/04_Cofrade_2022.jpg 1200w\" sizes=\"auto, (max-width: 1024px) 100vw, 1024px\" \/><figcaption>Cuarto premio en la categor\u00eda \u00abCatalunya Cofrade\u00bb, \u00abConectado a ti\u00bb, de Izan Merino.<\/figcaption><\/figure><\/a><\/div>\n\n\n\n<div><a href=\"https:\/\/raicesandaluzas.com\/revista\/wp-content\/uploads\/2022\/06\/01_Feria_2022-1024x725.jpg\" class=\"td-modal-image\"><figure class=\"wp-block-image size-large\"><img loading=\"lazy\" decoding=\"async\" width=\"1024\" height=\"725\" src=\"https:\/\/raicesandaluzas.com\/revista\/wp-content\/uploads\/2022\/06\/01_Feria_2022-1024x725.jpg\" alt=\"\" class=\"wp-image-934\" srcset=\"https:\/\/raicesandaluzas.com\/revista\/wp-content\/uploads\/2022\/06\/01_Feria_2022-1024x725.jpg 1024w, https:\/\/raicesandaluzas.com\/revista\/wp-content\/uploads\/2022\/06\/01_Feria_2022-300x213.jpg 300w, https:\/\/raicesandaluzas.com\/revista\/wp-content\/uploads\/2022\/06\/01_Feria_2022-768x544.jpg 768w, https:\/\/raicesandaluzas.com\/revista\/wp-content\/uploads\/2022\/06\/01_Feria_2022-696x493.jpg 696w, https:\/\/raicesandaluzas.com\/revista\/wp-content\/uploads\/2022\/06\/01_Feria_2022-1068x757.jpg 1068w, https:\/\/raicesandaluzas.com\/revista\/wp-content\/uploads\/2022\/06\/01_Feria_2022-593x420.jpg 593w, https:\/\/raicesandaluzas.com\/revista\/wp-content\/uploads\/2022\/06\/01_Feria_2022-100x70.jpg 100w, https:\/\/raicesandaluzas.com\/revista\/wp-content\/uploads\/2022\/06\/01_Feria_2022.jpg 1200w\" sizes=\"auto, (max-width: 1024px) 100vw, 1024px\" \/><figcaption>Primer premio en la categor\u00eda \u00abFeria de Abril catalana\u00bb, \u00abFeria 3\u00bb, de Jos\u00e9 Reyes Belzunce.<\/figcaption><\/figure><\/a><\/div>\n","protected":false},"excerpt":{"rendered":"<p>Ayer, 28 de junio, se fallaron los premios del XVI Concurso de Fotograf\u00eda del Centro de Estudios Rocieros y Cultura Andaluza en Catalu\u00f1a (CERCAT). Joaquin Font, con su imagen \u201cQue quieres sentir los andares de la Virgen\u201d fue la ganadora del primer premio en la categor\u00eda \u201cRomer\u00eda del Roc\u00edo\u201d, dotado con 150 euros, diploma y [&hellip;]<\/p>\n","protected":false},"author":1,"featured_media":935,"comment_status":"open","ping_status":"open","sticky":false,"template":"","format":"standard","meta":{"footnotes":""},"categories":[19,21],"tags":[],"class_list":{"0":"post-926","1":"post","2":"type-post","3":"status-publish","4":"format-standard","5":"has-post-thumbnail","7":"category-actualidad","8":"category-raices-rocieras"},"_links":{"self":[{"href":"https:\/\/raicesandaluzas.com\/revista\/wp-json\/wp\/v2\/posts\/926","targetHints":{"allow":["GET"]}}],"collection":[{"href":"https:\/\/raicesandaluzas.com\/revista\/wp-json\/wp\/v2\/posts"}],"about":[{"href":"https:\/\/raicesandaluzas.com\/revista\/wp-json\/wp\/v2\/types\/post"}],"author":[{"embeddable":true,"href":"https:\/\/raicesandaluzas.com\/revista\/wp-json\/wp\/v2\/users\/1"}],"replies":[{"embeddable":true,"href":"https:\/\/raicesandaluzas.com\/revista\/wp-json\/wp\/v2\/comments?post=926"}],"version-history":[{"count":1,"href":"https:\/\/raicesandaluzas.com\/revista\/wp-json\/wp\/v2\/posts\/926\/revisions"}],"predecessor-version":[{"id":936,"href":"https:\/\/raicesandaluzas.com\/revista\/wp-json\/wp\/v2\/posts\/926\/revisions\/936"}],"wp:featuredmedia":[{"embeddable":true,"href":"https:\/\/raicesandaluzas.com\/revista\/wp-json\/wp\/v2\/media\/935"}],"wp:attachment":[{"href":"https:\/\/raicesandaluzas.com\/revista\/wp-json\/wp\/v2\/media?parent=926"}],"wp:term":[{"taxonomy":"category","embeddable":true,"href":"https:\/\/raicesandaluzas.com\/revista\/wp-json\/wp\/v2\/categories?post=926"},{"taxonomy":"post_tag","embeddable":true,"href":"https:\/\/raicesandaluzas.com\/revista\/wp-json\/wp\/v2\/tags?post=926"}],"curies":[{"name":"wp","href":"https:\/\/api.w.org\/{rel}","templated":true}]}}