{"id":922,"date":"2022-06-15T11:50:14","date_gmt":"2022-06-15T11:50:14","guid":{"rendered":"https:\/\/raicesandaluzas.com\/revista\/?p=922"},"modified":"2022-06-15T11:50:15","modified_gmt":"2022-06-15T11:50:15","slug":"ultimos-dias-para-participar-en-el-xvi-concurso-de-fotografia-rociera-del-cercat","status":"publish","type":"post","link":"https:\/\/raicesandaluzas.com\/revista\/2022\/06\/15\/ultimos-dias-para-participar-en-el-xvi-concurso-de-fotografia-rociera-del-cercat\/","title":{"rendered":"\u00daltimos d\u00edas para participar en el XVI Concurso de Fotograf\u00eda Rociera del CERCAT"},"content":{"rendered":"\n<p>Hasta este pr\u00f3ximo domingo, 26 de junio, se puede participar en el XVI Concurso de Fotograf\u00eda Rociera del CERCAT, que despu\u00e9s de dos a\u00f1os volver\u00e1 a organizar su entrega de premios de manera presencial el pr\u00f3ximo 2 de julio en el Museu d&#8217;hist\u00f2ria de la immigraci\u00f3 de Catalunya (MhiC) en Sant Adri\u00e0.<\/p>\n\n\n\n<p>El tema principal y cl\u00e1sico es el de Romer\u00eda del Roc\u00edo, que engloba todos los actos del movimiento rociero en Catalunya (Romer\u00eda del Roc\u00edo, cambios de vara, pregones rocieros, peregrinaciones, etc), as\u00ed como las fotograf\u00edas realizadas a las Hermandades afincadas en Catalunya que realizan los actos marianos en la Romer\u00eda de Almonte. Los dos temas especiales son Catalunya cofrade, que recoge cualquier expresi\u00f3n de la cultura y fe que realizan las Hermandades de Pasi\u00f3n en Catalunya, y Feria de Abril catalana en cualquiera de sus ediciones, que incluye cualquier expresi\u00f3n de cultura popular que se celebre en el Real durante los d\u00edas de Feria.<\/p>\n\n\n\n<p>El concurso est\u00e1 abierto al p\u00fablico general y cada autor podr\u00e1 presentar cinco fotograf\u00edas que deben enviarse telem\u00e1ticamente atrav\u00e9s de la p\u00e1gina web www.cercat.es. Las fotograf\u00edas deben ser archivos jpg, tener un tama\u00f1o m\u00ednimo en su parte m\u00e1s larga de 1.024 p\u00edxeles y con un peso m\u00e1ximo de 5 Mb. Para concursar se debe acceder a&nbsp;<a href=\"https:\/\/cercat.es\/inscripcion-concurso-2022.html\">www.cercat.es<\/a>, y cumplimentar el formulario de participaci\u00f3n en el que se podr\u00e1n adjuntar las fotograf\u00edas. El participante deber\u00e1 informar de los siguientes datos: Tema, t\u00edtulo de la imagen, nombre y apellidos del concursante, nombre y domicilio del concursante, direcci\u00f3n de correo electr\u00f3nico de contacto, tel\u00e9fono de contacto, y fecha y lugar donde se realiz\u00f3 la fotografia.<\/p>\n\n\n\n<p>En las categor\u00edas de Roc\u00edo y Catalunya cofrade se repartir\u00e1n tres primeros premios, dotados con 150 euros, 100 euros y 50 euros cada uno, y un cuarto tambi\u00e9n de 50 euros. Adem\u00e1s, el primero de cada una de las categor\u00edas recibir\u00e1 una medalla Federaci\u00f3 Catalana de Fotografia, que reconoce el concurso y colabora en la organizaci\u00f3n del mismo. En la categor\u00eda de Feria de Abril se entregar\u00e1 un primer premio dotado con 100 euros.<\/p>\n","protected":false},"excerpt":{"rendered":"<p>Hasta este pr\u00f3ximo domingo, 26 de junio, se puede participar en el XVI Concurso de Fotograf\u00eda Rociera del CERCAT, que despu\u00e9s de dos a\u00f1os volver\u00e1 a organizar su entrega de premios de manera presencial el pr\u00f3ximo 2 de julio en el Museu d&#8217;hist\u00f2ria de la immigraci\u00f3 de Catalunya (MhiC) en Sant Adri\u00e0. El tema principal [&hellip;]<\/p>\n","protected":false},"author":1,"featured_media":923,"comment_status":"open","ping_status":"open","sticky":false,"template":"","format":"standard","meta":{"footnotes":""},"categories":[19,21],"tags":[],"class_list":{"0":"post-922","1":"post","2":"type-post","3":"status-publish","4":"format-standard","5":"has-post-thumbnail","7":"category-actualidad","8":"category-raices-rocieras"},"_links":{"self":[{"href":"https:\/\/raicesandaluzas.com\/revista\/wp-json\/wp\/v2\/posts\/922","targetHints":{"allow":["GET"]}}],"collection":[{"href":"https:\/\/raicesandaluzas.com\/revista\/wp-json\/wp\/v2\/posts"}],"about":[{"href":"https:\/\/raicesandaluzas.com\/revista\/wp-json\/wp\/v2\/types\/post"}],"author":[{"embeddable":true,"href":"https:\/\/raicesandaluzas.com\/revista\/wp-json\/wp\/v2\/users\/1"}],"replies":[{"embeddable":true,"href":"https:\/\/raicesandaluzas.com\/revista\/wp-json\/wp\/v2\/comments?post=922"}],"version-history":[{"count":1,"href":"https:\/\/raicesandaluzas.com\/revista\/wp-json\/wp\/v2\/posts\/922\/revisions"}],"predecessor-version":[{"id":924,"href":"https:\/\/raicesandaluzas.com\/revista\/wp-json\/wp\/v2\/posts\/922\/revisions\/924"}],"wp:featuredmedia":[{"embeddable":true,"href":"https:\/\/raicesandaluzas.com\/revista\/wp-json\/wp\/v2\/media\/923"}],"wp:attachment":[{"href":"https:\/\/raicesandaluzas.com\/revista\/wp-json\/wp\/v2\/media?parent=922"}],"wp:term":[{"taxonomy":"category","embeddable":true,"href":"https:\/\/raicesandaluzas.com\/revista\/wp-json\/wp\/v2\/categories?post=922"},{"taxonomy":"post_tag","embeddable":true,"href":"https:\/\/raicesandaluzas.com\/revista\/wp-json\/wp\/v2\/tags?post=922"}],"curies":[{"name":"wp","href":"https:\/\/api.w.org\/{rel}","templated":true}]}}