{"id":917,"date":"2022-06-10T08:52:55","date_gmt":"2022-06-10T08:52:55","guid":{"rendered":"https:\/\/raicesandaluzas.com\/revista\/?p=917"},"modified":"2022-06-10T08:52:57","modified_gmt":"2022-06-10T08:52:57","slug":"la-casa-de-andalucia-en-barcelona-convoca-el-primer-concurso-nacional-de-tarantas-de-linares-homenaje-carmen-linares","status":"publish","type":"post","link":"https:\/\/raicesandaluzas.com\/revista\/2022\/06\/10\/la-casa-de-andalucia-en-barcelona-convoca-el-primer-concurso-nacional-de-tarantas-de-linares-homenaje-carmen-linares\/","title":{"rendered":"La Casa de Andaluc\u00eda en Barcelona convoca el primer Concurso Nacional de Tarantas de Linares Homenaje \u00abCarmen Linares\u00bb"},"content":{"rendered":"\n<p>La Casa de Andaluc\u00eda en Barcelona convoca la primera edici\u00f3n del Concurso Nacional de Tarantas de Linares en homenaje a Carmen Linares. El certamen est\u00e1 compuesto por una preliminar en la que se podr\u00e0 participar mediante video, y la gran final, que tendr\u00e1 lugar el pr\u00f3ximo 17 de septiembre, a partir de las 19 horas, en el Auditori AXA de Barcelona.<\/p>\n\n\n\n<p>Todos los cantantes que deseen participar deber\u00e1n enviar la inscripci\u00f3n y un enlace de video interpretando la Taranta de Linares y un cante libre que no exceda de 5 minutos para la valoraci\u00f3n del jurado. Tendr\u00e1 que ser antes del 1 de agosto por WhatsApp al n\u00famero 619 60 14 90 o al correo casadeandalucia@hotmail.com. Los datos de contacto del participantes ser\u00e1n nombre y apellidos, DNI, nombre art\u00edstico, domicilio y n\u00famero de tel\u00e9fono.<\/p>\n\n\n\n<p>En el concurso se repartir\u00e1n tres premios, el primero de 2.000 euros y la Cabria de plata, el segundo de 1.500 y diploma y el tercero de 800 euros y diploma-<\/p>\n\n\n\n<p>A continuaci\u00f3n pod\u00e9is concultar las bases al completo:<\/p>\n\n\n\n<figure class=\"wp-block-image size-full\"><img loading=\"lazy\" decoding=\"async\" width=\"1142\" height=\"790\" src=\"https:\/\/raicesandaluzas.com\/revista\/wp-content\/uploads\/2022\/06\/concurso_tarantas02.jpg\" alt=\"\" class=\"wp-image-918\" srcset=\"https:\/\/raicesandaluzas.com\/revista\/wp-content\/uploads\/2022\/06\/concurso_tarantas02.jpg 1142w, https:\/\/raicesandaluzas.com\/revista\/wp-content\/uploads\/2022\/06\/concurso_tarantas02-300x208.jpg 300w, https:\/\/raicesandaluzas.com\/revista\/wp-content\/uploads\/2022\/06\/concurso_tarantas02-1024x708.jpg 1024w, https:\/\/raicesandaluzas.com\/revista\/wp-content\/uploads\/2022\/06\/concurso_tarantas02-768x531.jpg 768w, https:\/\/raicesandaluzas.com\/revista\/wp-content\/uploads\/2022\/06\/concurso_tarantas02-218x150.jpg 218w, https:\/\/raicesandaluzas.com\/revista\/wp-content\/uploads\/2022\/06\/concurso_tarantas02-696x481.jpg 696w, https:\/\/raicesandaluzas.com\/revista\/wp-content\/uploads\/2022\/06\/concurso_tarantas02-1068x739.jpg 1068w, https:\/\/raicesandaluzas.com\/revista\/wp-content\/uploads\/2022\/06\/concurso_tarantas02-607x420.jpg 607w, https:\/\/raicesandaluzas.com\/revista\/wp-content\/uploads\/2022\/06\/concurso_tarantas02-100x70.jpg 100w\" sizes=\"auto, (max-width: 1142px) 100vw, 1142px\" \/><\/figure>\n","protected":false},"excerpt":{"rendered":"<p>La Casa de Andaluc\u00eda en Barcelona convoca la primera edici\u00f3n del Concurso Nacional de Tarantas de Linares en homenaje a Carmen Linares. El certamen est\u00e1 compuesto por una preliminar en la que se podr\u00e0 participar mediante video, y la gran final, que tendr\u00e1 lugar el pr\u00f3ximo 17 de septiembre, a partir de las 19 horas, [&hellip;]<\/p>\n","protected":false},"author":1,"featured_media":919,"comment_status":"open","ping_status":"open","sticky":false,"template":"","format":"standard","meta":{"footnotes":""},"categories":[19,22],"tags":[],"class_list":{"0":"post-917","1":"post","2":"type-post","3":"status-publish","4":"format-standard","5":"has-post-thumbnail","7":"category-actualidad","8":"category-flamenco"},"_links":{"self":[{"href":"https:\/\/raicesandaluzas.com\/revista\/wp-json\/wp\/v2\/posts\/917","targetHints":{"allow":["GET"]}}],"collection":[{"href":"https:\/\/raicesandaluzas.com\/revista\/wp-json\/wp\/v2\/posts"}],"about":[{"href":"https:\/\/raicesandaluzas.com\/revista\/wp-json\/wp\/v2\/types\/post"}],"author":[{"embeddable":true,"href":"https:\/\/raicesandaluzas.com\/revista\/wp-json\/wp\/v2\/users\/1"}],"replies":[{"embeddable":true,"href":"https:\/\/raicesandaluzas.com\/revista\/wp-json\/wp\/v2\/comments?post=917"}],"version-history":[{"count":1,"href":"https:\/\/raicesandaluzas.com\/revista\/wp-json\/wp\/v2\/posts\/917\/revisions"}],"predecessor-version":[{"id":920,"href":"https:\/\/raicesandaluzas.com\/revista\/wp-json\/wp\/v2\/posts\/917\/revisions\/920"}],"wp:featuredmedia":[{"embeddable":true,"href":"https:\/\/raicesandaluzas.com\/revista\/wp-json\/wp\/v2\/media\/919"}],"wp:attachment":[{"href":"https:\/\/raicesandaluzas.com\/revista\/wp-json\/wp\/v2\/media?parent=917"}],"wp:term":[{"taxonomy":"category","embeddable":true,"href":"https:\/\/raicesandaluzas.com\/revista\/wp-json\/wp\/v2\/categories?post=917"},{"taxonomy":"post_tag","embeddable":true,"href":"https:\/\/raicesandaluzas.com\/revista\/wp-json\/wp\/v2\/tags?post=917"}],"curies":[{"name":"wp","href":"https:\/\/api.w.org\/{rel}","templated":true}]}}