{"id":914,"date":"2022-06-09T14:11:19","date_gmt":"2022-06-09T14:11:19","guid":{"rendered":"https:\/\/raicesandaluzas.com\/revista\/?p=914"},"modified":"2022-06-09T14:11:20","modified_gmt":"2022-06-09T14:11:20","slug":"todo-preparado-para-que-la-virgen-de-gracia-se-reuna-de-nuevo-con-sus-fieles-en-sabadell","status":"publish","type":"post","link":"https:\/\/raicesandaluzas.com\/revista\/2022\/06\/09\/todo-preparado-para-que-la-virgen-de-gracia-se-reuna-de-nuevo-con-sus-fieles-en-sabadell\/","title":{"rendered":"Todo preparado para que la Virgen de Gracia se re\u00fana de nuevo con sus fieles en Sabadell"},"content":{"rendered":"\n<p>El Centro Cultural andaluz Hermandad Romera Virgen de Gracia ya lo tiene todo preparado para el fin de semana del 11 y 12 de junio, fecha en la que celebrar\u00e1n su XXXIX Romer\u00eda en honor a la patrona de Archidona, la Virgen de Gracia. Despu\u00e9s de dos a\u00f1os sin poder celebrarla debido a la pandemia, los devotos de la virgen tienen muchas ganas de volver a recorrer las calles de Sabadell y de regresar al bosque de Sant Vicen\u00e7 de Jonqueres.<br>Los actos comenzar\u00e1n el s\u00e1bado, 11 de junio, a partir de las 17.30 horas, con el pasacalles que anuncia la salida de la imagen de la Sant\u00edsima Virgen de Gracia desde la parroquia de Sant Roc, hasta el bosque de Sant Vicen\u00e7 de Jonqueres, donde se celebra la romer\u00eda.<br>El domingo, la jornada se iniciar\u00e1 bien temprano, a las 8 de la ma\u00f1ana, con la traca que anuncia el desayuno t\u00edpico a base de chocolate caliente, molletes, y aceite del pueblo. A las 10.15 horas dar\u00e1 comienzo la romer\u00eda de la imagen de la Virgen de Gracia, que concluir\u00e1 con una ofrenda floral y la presentaci\u00f3n ante la virgen de los ni\u00f1os del centro. A las 12 horas se celebrar\u00e1 la misa rociera, que en este 2022 ser\u00e1 cantada por el Coro de la Agrupaci\u00f3n San Sebasti\u00e1n de los Ballesteros. Tras la comida de hermandad, la Virgen regresar\u00e1 a la Parroquia de San Roque a las 19 horas.n<\/p>\n","protected":false},"excerpt":{"rendered":"<p>El Centro Cultural andaluz Hermandad Romera Virgen de Gracia ya lo tiene todo preparado para el fin de semana del 11 y 12 de junio, fecha en la que celebrar\u00e1n su XXXIX Romer\u00eda en honor a la patrona de Archidona, la Virgen de Gracia. Despu\u00e9s de dos a\u00f1os sin poder celebrarla debido a la pandemia, [&hellip;]<\/p>\n","protected":false},"author":1,"featured_media":915,"comment_status":"open","ping_status":"open","sticky":false,"template":"","format":"standard","meta":{"footnotes":""},"categories":[19],"tags":[],"class_list":{"0":"post-914","1":"post","2":"type-post","3":"status-publish","4":"format-standard","5":"has-post-thumbnail","7":"category-actualidad"},"_links":{"self":[{"href":"https:\/\/raicesandaluzas.com\/revista\/wp-json\/wp\/v2\/posts\/914","targetHints":{"allow":["GET"]}}],"collection":[{"href":"https:\/\/raicesandaluzas.com\/revista\/wp-json\/wp\/v2\/posts"}],"about":[{"href":"https:\/\/raicesandaluzas.com\/revista\/wp-json\/wp\/v2\/types\/post"}],"author":[{"embeddable":true,"href":"https:\/\/raicesandaluzas.com\/revista\/wp-json\/wp\/v2\/users\/1"}],"replies":[{"embeddable":true,"href":"https:\/\/raicesandaluzas.com\/revista\/wp-json\/wp\/v2\/comments?post=914"}],"version-history":[{"count":1,"href":"https:\/\/raicesandaluzas.com\/revista\/wp-json\/wp\/v2\/posts\/914\/revisions"}],"predecessor-version":[{"id":916,"href":"https:\/\/raicesandaluzas.com\/revista\/wp-json\/wp\/v2\/posts\/914\/revisions\/916"}],"wp:featuredmedia":[{"embeddable":true,"href":"https:\/\/raicesandaluzas.com\/revista\/wp-json\/wp\/v2\/media\/915"}],"wp:attachment":[{"href":"https:\/\/raicesandaluzas.com\/revista\/wp-json\/wp\/v2\/media?parent=914"}],"wp:term":[{"taxonomy":"category","embeddable":true,"href":"https:\/\/raicesandaluzas.com\/revista\/wp-json\/wp\/v2\/categories?post=914"},{"taxonomy":"post_tag","embeddable":true,"href":"https:\/\/raicesandaluzas.com\/revista\/wp-json\/wp\/v2\/tags?post=914"}],"curies":[{"name":"wp","href":"https:\/\/api.w.org\/{rel}","templated":true}]}}