{"id":761,"date":"2022-04-21T11:14:33","date_gmt":"2022-04-21T11:14:33","guid":{"rendered":"https:\/\/raicesandaluzas.com\/revista\/?p=761"},"modified":"2022-04-27T10:08:27","modified_gmt":"2022-04-27T10:08:27","slug":"las-entidades-saben-que-este-alcalde-esta-a-su-lado-y-que-vamos-a-intentar-ayudarles","status":"publish","type":"post","link":"https:\/\/raicesandaluzas.com\/revista\/2022\/04\/21\/las-entidades-saben-que-este-alcalde-esta-a-su-lado-y-que-vamos-a-intentar-ayudarles\/","title":{"rendered":"\u201cLas entidades saben que este alcalde est\u00e1 a su lado y que vamos a intentar ayudarles\u201d"},"content":{"rendered":"\n<p><span style=\"background-color:#b5dcaf\" class=\"td_text_highlight_marker\"><strong>RA\u00cdCES ANDALUZAS. \u00bfQu\u00e9 nos puede avanzar de las Fiestas patronales de Mayo que Badalona celebra en torno a Sant Anastasi?<br>RUB\u00c9N GUIJARRO.<\/strong><\/span> Las Fiestas de Mayo 2022 ser\u00e1n importantes porque recuperamos la normalidad. La ciudad tiene muchas ganas de festejar, es algo que nos ha transmitido la ciudadan\u00eda. Queremos hacer unas fiestas a la altura de lo que se merecen nuestros vecinos despu\u00e9s de estos dos a\u00f1os de pandemia. Ya hemos presentado el pa\u00f1uelo, con un dise\u00f1o tejano que ha cuajado muy bien y ha tenido muy buena acogida. Tendremos como pregonero a Tom\u00e1s Molina, badalonense de pro. Ser\u00e1n tambi\u00e9n unas fiestas reivindicativas, con un Dimoni que critica el precio de las primeras materias como la electricidad.<br>Tambi\u00e9n vuelven los conciertos. Vamos a promover el paseo Mar\u00edtimo, como nuevo eje motor de la zona de Badalona en desarrollo al entorno al Puerto. Como grupos destacados tendremos el d\u00eda 7 de mayo al grupo Manel, y el d\u00eda 10 a Fangoria.<br>Ser\u00e1n unas fiestas con mucha ilusi\u00f3n de que la ciudad vuelva a estar viva y en la calle.<br><span style=\"background-color:#b5dcaf\" class=\"td_text_highlight_marker\"><strong>R.A. \u00bfNo habr\u00e1 ninguna restricci\u00f3n de aforo o uso obligatorio de mascarilla?<br>R.G. <\/strong><\/span>No lo tenemos previsto tal y como est\u00e1 la situaci\u00f3n actualmente.<br><span style=\"background-color:#b5dcaf\" class=\"td_text_highlight_marker\"><strong>R.A. Antes comentaba que la ciudadan\u00eda tiene muchas ganas de celebrar las fiestas. \u00bfQu\u00e9 cree que implica que se puedan volver a celebrar en plenitud despu\u00e9s de dos a\u00f1os de no poder hacerlo?<br>R.G.<\/strong><\/span> Recuperar esa normalidad. La ciudadan\u00eda tiene ganas de poder festejar, de poder salir a la calle, de poder tocarnos, de poder abrazarnos, de poder asistir a un concierto al aire libre sin restricciones, de poder acudir a nuestra plaza de la vila a disfrutar del preg\u00f3n, ir a la cremada del Dimoni de ver de verdad, y no verlo por la televisi\u00f3n como el a\u00f1o pasado.<br><span style=\"background-color:#b5dcaf\" class=\"td_text_highlight_marker\"><strong>R.A. Adem\u00e1s ser\u00e1n las primeras como alcalde.<br>R.G.<\/strong><\/span> S\u00ed, es todo un orgullo ser alcalde de esta ciudad. Cada d\u00eda y cada hora, pero m\u00e1s especialmente en esas fechas. Pero simplemente aqu\u00ed mi papel es que la gente pueda disfrutar de estas fiestas con total normalidad.<br><span style=\"background-color:#b5dcaf\" class=\"td_text_highlight_marker\"><strong>R.A. Nos hablaba del sentido reivindicativo del Dimoni de este a\u00f1o que critica la subida abusiva del precio de la luz. Hay quien piensa que la cultura popular no deber\u00eda usarse como altavoz pol\u00edtico. \u00bfCu\u00e1l es su postura?<br>R.G. <\/strong><\/span>Bueno, en el dise\u00f1o del Dimoni se convoca un concurso en el que todo el mundo puede participar y presentar dise\u00f1o y hay un jurado que escoge el que tenga m\u00e1s calidad art\u00edstica. Pero yo pienso que siempre est\u00e1 bien reivindicar un poco. Est\u00e1 claro que cuando el discurso pol\u00edtico divide o el mensaje no genera consenso o puede generar malestar en la poblaci\u00f3n no es del todo integrador, y las fiestas deben ser integradores. Pero, \u00bfqui\u00e9n no est\u00e1 en contra de la subida de la luz? Yo soy el primero. As\u00ed, me parece bien que la gente se exprese y reivindique. Lo que queremos es potenciar siempre unas fiestas en las que la gente pueda participar y hacer suyas estas fiestas despu\u00e9s de dos a\u00f1os y podamos disfrutar de nuestra ciudad.<br><span style=\"background-color:#b5dcaf\" class=\"td_text_highlight_marker\"><strong>R.A. \u00bfQu\u00e9 piensa que transmiten de la ciudad las Fiestas de Mayo?<br>R.G.<\/strong><\/span> Los valores propios de Badalona. Una ciudad que quiere ser referencia, que tiene s\u00edmbolos como precisamente la Cremada del Dimoni y que son las que queremos exportar. Que somos una ciudad preponderante en el Barcelon\u00e9s Nord a este lado del Bes\u00f2s, que cuida, que es saludable, una ciudad que tiene cultura y unos nuevos ejes de transformaci\u00f3n como es el canal del Gorg. Una ciudad que quiere mostrarse tal y como es y que quiere recuperar ese papel de referente que ten\u00edamos en los 90 y que quiz\u00e1s hemos ido perdiendo y queremos recuperar.<br><span style=\"background-color:#b5dcaf\" class=\"td_text_highlight_marker\"><strong>R.A. \u00bfC\u00f3mo valora sus primeros meses al frente de la alcald\u00eda?<br>R.G.<\/strong><\/span> Con mucho trabajo, con mucha responsabilidad, pero orgulloso. Orgulloso de esta etapa que se ha iniciado hace pocos meses y que est\u00e1 dejando atr\u00e1s una etapa de vaivenes, oscura para la ciudad, y caracterizada por hechos que se alejan del d\u00eda a d\u00eda de nuestros vecinos. Creo que hemos conseguido cierta estabilidad estos meses. Hemos conseguido sacar a la ciudad del foto medi\u00e1tico por temas ajenos al d\u00eda a d\u00eda de los ciudadanos y hemos vuelto a situar a las personas y a los vecinos como eje principal de nuestra gesti\u00f3n. Y en esto continuamos, trabajando como dec\u00eda antes para conseguir que Badalona vuelva a ser un referente en Catalunya y en Espa\u00f1a como lo fuimos hace a\u00f1os.<br><span style=\"background-color:#b5dcaf\" class=\"td_text_highlight_marker\"><strong>R.A. \u00bfC\u00f3mo le ha recibido la ciudadan\u00eda a pie de calle?<br>R.G.<\/strong><\/span> La verdad es que recibo buen trato, buenas palabras y buen trato en todos los sitios a donde voy. He notado mucho respeto y mucho afecto, y eso sirve para espolearte y continuar trabajando para el beneficio de la ciudadan\u00eda.<br><span style=\"background-color:#b5dcaf\" class=\"td_text_highlight_marker\"><strong>R.A. Despu\u00e9s de tres a\u00f1os se ha firmado un acuerdo para la aprobaci\u00f3n de los presupuestos municipales. \u00bfLo siente como una victoria personal que le reafirma como alcalde?<br>R.G.<\/strong><\/span> Lo siento sobre todo como un triunfo para la ciudad y para sus vecinos. Lo que no es normal es que en una ciudad no se consigan aprobar presupuestos en tres a\u00f1os. Pero es que, dir\u00eda m\u00e1s, no es que no se aprobaran los presupuestos, es que ni siquiera se presentaron. El anterior gobierno ni en el ejercicio de 2020 ni en el de 2021 present\u00f3 cuentas, rechazaron debatir el presupuesto de la ciudad, que Badalona necesita para dar la batalla a la crisis sanitaria y a la posterior crisis econ\u00f3mica que hemos vivido. Necesitamos un presupuesto que pueda ayudar a todas esas personas que lo est\u00e1n pasando mal debido a la crisis. Ponernos a la altura del resto de ciudad en materia de seguridad, mantenimiento y limpieza. Y fundamentar proyectos importantes para esta ciudad y que es imposible hacerlo sin la herramienta del presupuesto.<br>En cuanto a m\u00ed personalmente siempre me he considerado una persona de di\u00e1logo, de consenso y con capacidad para llegar a acuerdo, y el presupuesto es una muestra de ello. Pero no es tan importante el tema personal como el beneficio que tendr\u00e1 para la ciudadan\u00eda.<br><span style=\"background-color:#b5dcaf\" class=\"td_text_highlight_marker\"><strong>R.A. \u00bfSe hace complicado gobernar con tantos partidos?<br>R.G. <\/strong><\/span>Donde la gente puede ver partidos o distintas formaciones yo veo concejales y concejalas de gobierno, personas dispuestas a dar lo mejor de s\u00ed mismos en beneficio de la ciudad. 12 personas, el gobierno m\u00e1s amplio de la \u00faltima d\u00e9cada en la ciudad, con el objetivo de volver a situar a Badalona donde se merece y de donde nunca debi\u00f3 desaparecer. La verdad es que hay una buena convivencia de gobierno, y a las pruebas me remito. Somos un gobierno unido al que solo le interesa Badalona.<\/p>\n\n\n\n<div><a href=\"https:\/\/raicesandaluzas.com\/revista\/wp-content\/uploads\/2022\/04\/rubenguijarro02-683x1024.jpg\" class=\"td-modal-image\"><div class=\"wp-block-image\"><figure class=\"aligncenter size-large\"><img loading=\"lazy\" decoding=\"async\" width=\"683\" height=\"1024\" src=\"https:\/\/raicesandaluzas.com\/revista\/wp-content\/uploads\/2022\/04\/rubenguijarro02-683x1024.jpg\" alt=\"\" class=\"wp-image-762\" srcset=\"https:\/\/raicesandaluzas.com\/revista\/wp-content\/uploads\/2022\/04\/rubenguijarro02-683x1024.jpg 683w, https:\/\/raicesandaluzas.com\/revista\/wp-content\/uploads\/2022\/04\/rubenguijarro02-200x300.jpg 200w, https:\/\/raicesandaluzas.com\/revista\/wp-content\/uploads\/2022\/04\/rubenguijarro02-768x1152.jpg 768w, https:\/\/raicesandaluzas.com\/revista\/wp-content\/uploads\/2022\/04\/rubenguijarro02-696x1044.jpg 696w, https:\/\/raicesandaluzas.com\/revista\/wp-content\/uploads\/2022\/04\/rubenguijarro02-280x420.jpg 280w, https:\/\/raicesandaluzas.com\/revista\/wp-content\/uploads\/2022\/04\/rubenguijarro02.jpg 800w\" sizes=\"auto, (max-width: 683px) 100vw, 683px\" \/><\/figure><\/div><\/a><\/div>\n\n\n\n<p><br><span style=\"background-color:#b5dcaf\" class=\"td_text_highlight_marker\"><strong>R.A. Hablemos un poco de la Feria de Abril de Catalunya, que regresa al Parc del F\u00f2rum despu\u00e9s de dos a\u00f1os de par\u00f3n por la pandemia y donde Badalona est\u00e1 siempre bien representada por sus entidades. \u00bfQu\u00e9 mensaje cree que lanza la celebraci\u00f3n de un acto como este al resto del pa\u00eds en un momento de luchas ideol\u00f3gicas y fractura social?<br>R.G. <\/strong><\/span>Me parece important\u00edsimo que se celebre la Feria de Abril en Catalunya, en Barcelona, y que se contin\u00fae con esta tradici\u00f3n. A m\u00ed es una festividad que me encanta. Ya iba con mi familia cuando se hac\u00eda en Santa Coloma y tambi\u00e9n en el F\u00f2rum. Qu\u00e9 voy a decir yo, mi madre es andaluza, de M\u00e1laga, y obviamente tambi\u00e9n tengo muy arraigada la cultura andaluza, que considero que tambi\u00e9n est\u00e1 arraiga en el conjunto de la sociedad catalana. Todo lo que sea motivos para ver que entre todos juntos podemos avanzar creo que es importante.<br><span style=\"background-color:#b5dcaf\" class=\"td_text_highlight_marker\"><strong>R.A. Las entidades culturales, como muchos otros sectores, lo han pasado muy mal estos dos a\u00f1os. \u00bfLe han transmitido las entidades de cultura andaluza y las hermandades rocieras sus problemas para poder retomar la actividad estos \u00faltimos meses? \u00bfSe ha podido reunir con ellas?<br>R.G. <\/strong><\/span>S\u00ed, me he reunido con todas. Hace escasas semanas celebramos el D\u00eda de Andaluc\u00eda con un acto institucional de izada de la bandera andaluza en nuestra plaza de la vila y un concierto de Mayte Mart\u00edn donde participaron todas las entidades de nuestra ciudad. Siempre he tenido una relaci\u00f3n muy estrecha con ellas, y m\u00e1s ahora como alcalde. Ellos saben que este alcalde est\u00e1 con sus entidades, que conozco perfectamente sus necesidades y que vamos a intentar ayudarles, tanto a las entidades andaluzas como al resto, despu\u00e9s de estos dos a\u00f1os de pandemia. Hay ganas de recuperar las actividades, de volver a celebrar, de volver a hacer actos en las entidades, sus potajes, sus festivales. Y all\u00ed saben que estar\u00e1 este alcalde con ellos.<br><span style=\"background-color:#b5dcaf\" class=\"td_text_highlight_marker\"><strong>R.A. \u00bfQu\u00e9 piensa que han aportado dichas entidades y hermandades a la vida cultural y social de Badalona?<br>R.G.<\/strong><\/span> Un bagaje muy importante. Primero, de muestra de su cultura, e integr\u00e1ndola en la cultura badalonesa. Hay una comunidad important\u00edsima de andaluces y andaluzas en Badalona. Segundo, como agentes de socializaci\u00f3n. Qui\u00e9n no tiene a su hermandad, a su entidad como referencia para ver a sus amigos y amigas, a su familia, como un ente de socializaci\u00f3n muy importante. Por ejemplo, en Semana Santa, la Procesi\u00f3n de Viernes Santo de la Hermandad del Cristo Redentor y Nuestra Se\u00f1ora de la Soledad es muy importante en Badalona, la m\u00e1s multitudinaria de la ciudad. Una procesi\u00f3n a la que le tengo especial cari\u00f1o porque hice la catequesis con la hermandad para hacer la Comuni\u00f3n, y con la que procesion\u00e9 por primera vez en el a\u00f1o 91. Todas las aportaciones culturales hacen m\u00e1s rica a la ciudad.<br><span style=\"background-color:#b5dcaf\" class=\"td_text_highlight_marker\"><strong>R.A. \u00bfQu\u00e9 se ha llevado a nivel personal de sus visitas a la Feria de Abril?<br>R.G. <\/strong><\/span>Muchos amigos y amigas. Tengo muy buenos recuerdos. Ciertamente cuando no era cargo p\u00fablico me lo pasaba mucho mejor. Pero bueno, la Feria es una de las actividades a las que m\u00e1s cari\u00f1o le tengo. No me pierdo el alumbrado y siempre suelo ir un par de veces m\u00e1s. Tengo un peque\u00f1o debe porque me gustar\u00eda aprender a bailar sevillanas. Es algo que espero hacer en breve. A ver si en la Feria de Abril de 2023 llego a la tercera.<\/p>\n","protected":false},"excerpt":{"rendered":"<p>RA\u00cdCES ANDALUZAS. \u00bfQu\u00e9 nos puede avanzar de las Fiestas patronales de Mayo que Badalona celebra en torno a Sant Anastasi?RUB\u00c9N GUIJARRO. Las Fiestas de Mayo 2022 ser\u00e1n importantes porque recuperamos la normalidad. La ciudad tiene muchas ganas de festejar, es algo que nos ha transmitido la ciudadan\u00eda. Queremos hacer unas fiestas a la altura de [&hellip;]<\/p>\n","protected":false},"author":1,"featured_media":764,"comment_status":"open","ping_status":"open","sticky":false,"template":"","format":"standard","meta":{"footnotes":""},"categories":[19,20],"tags":[],"class_list":{"0":"post-761","1":"post","2":"type-post","3":"status-publish","4":"format-standard","5":"has-post-thumbnail","7":"category-actualidad","8":"category-entrevistas"},"_links":{"self":[{"href":"https:\/\/raicesandaluzas.com\/revista\/wp-json\/wp\/v2\/posts\/761","targetHints":{"allow":["GET"]}}],"collection":[{"href":"https:\/\/raicesandaluzas.com\/revista\/wp-json\/wp\/v2\/posts"}],"about":[{"href":"https:\/\/raicesandaluzas.com\/revista\/wp-json\/wp\/v2\/types\/post"}],"author":[{"embeddable":true,"href":"https:\/\/raicesandaluzas.com\/revista\/wp-json\/wp\/v2\/users\/1"}],"replies":[{"embeddable":true,"href":"https:\/\/raicesandaluzas.com\/revista\/wp-json\/wp\/v2\/comments?post=761"}],"version-history":[{"count":1,"href":"https:\/\/raicesandaluzas.com\/revista\/wp-json\/wp\/v2\/posts\/761\/revisions"}],"predecessor-version":[{"id":765,"href":"https:\/\/raicesandaluzas.com\/revista\/wp-json\/wp\/v2\/posts\/761\/revisions\/765"}],"wp:featuredmedia":[{"embeddable":true,"href":"https:\/\/raicesandaluzas.com\/revista\/wp-json\/wp\/v2\/media\/764"}],"wp:attachment":[{"href":"https:\/\/raicesandaluzas.com\/revista\/wp-json\/wp\/v2\/media?parent=761"}],"wp:term":[{"taxonomy":"category","embeddable":true,"href":"https:\/\/raicesandaluzas.com\/revista\/wp-json\/wp\/v2\/categories?post=761"},{"taxonomy":"post_tag","embeddable":true,"href":"https:\/\/raicesandaluzas.com\/revista\/wp-json\/wp\/v2\/tags?post=761"}],"curies":[{"name":"wp","href":"https:\/\/api.w.org\/{rel}","templated":true}]}}