{"id":758,"date":"2022-04-21T11:07:01","date_gmt":"2022-04-21T11:07:01","guid":{"rendered":"https:\/\/raicesandaluzas.com\/revista\/?p=758"},"modified":"2022-04-27T10:35:05","modified_gmt":"2022-04-27T10:35:05","slug":"la-feria-de-abril-lanza-un-mensaje-de-respeto-por-la-cultura-en-todos-sus-ambitos","status":"publish","type":"post","link":"https:\/\/raicesandaluzas.com\/revista\/2022\/04\/21\/la-feria-de-abril-lanza-un-mensaje-de-respeto-por-la-cultura-en-todos-sus-ambitos\/","title":{"rendered":"\u00abLa Feria de Abril lanza un mensaje de respeto por la cultura en todos sus \u00e1mbitos\u00bb"},"content":{"rendered":"\n<p><span style=\"background-color:#b5dcaf\" class=\"td_text_highlight_marker\"><strong>RA\u00cdCES ANDALUZAS. En 2022 regresa la Feria de Abril a Sant Adri\u00e0 y Barcelona despu\u00e9s de dos ediciones canceladas por la pandemia. \u00bfC\u00f3mo cree que es de positiva su vuelta para la ciudad?<br>FILO CA\u00d1ETE.<\/strong><\/span> La Feria de Abril siempre ha sido un fen\u00f3meno muy asentado y reconocido, no solo por la ciudadan\u00eda de Sant Adri\u00e0 sino por todo el entorno metropolitano. Siempre ha tenido muy buena acogida. Estoy notando ya como las entidades comienzan a reactivarse, y tienen muchas ganas de poder celebrar la Feria de Abril. Por tanto, es positivo que vuelva.<br><span style=\"background-color:#b5dcaf\" class=\"td_text_highlight_marker\"><strong>R.A. Lo de que se siga diciendo que se celebra solo en Barcelona cuando gran parte es territorio de Sant Adri\u00e0 es dif\u00edcil de combatir, \u00bfno?<br>F.C.<\/strong><\/span> Bueno, aunque reivindicamos que pr\u00e1cticamente la Feria de Abril es de Sant Adri\u00e0, la marca Barcelona es muy importante. Esto es as\u00ed, es la realidad, es caprichosa, pero es lo que es. Pero tampoco es malo, no nos vamos a pelear por eso.<br><span style=\"background-color:#b5dcaf\" class=\"td_text_highlight_marker\"><strong>R.A. Estos dos a\u00f1os de pandemia han sido muy duros para todos los sectores econ\u00f3micos de la sociedad, tambi\u00e9n para las entidades culturales. \u00bfLe han trasladado las hermandades rocieras y entidades de cultura andaluza de la ciudad sus problemas para tirar adelante estos \u00faltimos meses?<br>F.C. <\/strong><\/span>En t\u00e9rminos generales, s\u00ed. Yo pienso, y es una reflexi\u00f3n personal, que aquellas entidades que part\u00edan de un grupo y una base fuerte se han podido mantener, pero las que no se han debilitado. Pero estoy notando que vuelve a haber una reactivaci\u00f3n, aunque las entidades con juntas m\u00e1s envejecidas lo est\u00e1n notando. Porque las entidades necesitan un relevo generacional. Hay que poner en valor las ganas de las entidades de tirar adelante sus proyectos, y eso lo que hace es enriquecer el dinamismo de la ciudad.<br><span style=\"background-color:#b5dcaf\" class=\"td_text_highlight_marker\"><strong>R.A. \u00bfCree que la Feria de Abril en Catalunya tiene el futuro asegurado al ser un acto que est\u00e1 organizado por entidades culturales cuyos miembros son catalanes ya de tercera o cuarta generaci\u00f3n y cuyas ra\u00edces est\u00e1n cada vez m\u00e1s alejadas en el tiempo?<br>F.C.<\/strong><\/span> Bueno, es lo que te dec\u00eda antes. No solo en la Feria de Abril, en general, si hay j\u00f3venes de esas entidades que viven el proyecto de esa entidad, el futuro existe para dicha entidad. En cuanto a las hermandades y las entidades andaluzas yo veo que hay juventud que marcan y tienen interiorizada esa tradici\u00f3n. Por tanto, creo que hay futuro. No s\u00e9 si la dimensi\u00f3n o la connotaci\u00f3n ser\u00e1n las mismas. S\u00ed es cierto que hay una gran organizaci\u00f3n, que es la FECAC, que es quien impulsa. Mientras que haya personas que quieran impulsar proyectos, los proyectos tendr\u00e1n futuro. El problema es cuando no hay ese motor, y siempre son las personas las que lo mueven.<br><span style=\"background-color:#b5dcaf\" class=\"td_text_highlight_marker\"><strong>R.A. Muchas veces se ha utilizado la Feria de Abril como arma arrojadiza por parte de nacionalismos de un lado y del otro. \u00bfC\u00f3mo puede revertirse esa mala costumbre?<br>F.C.<\/strong><\/span> Personal y pol\u00edticamente no lo veo tan as\u00ed, o no lo quiero vivir as\u00ed. La cultura est\u00e1 creada por las personas, y en el caso de la Feria es una tradici\u00f3n. La cultura no tiene por qu\u00e9 entender de nacionalismos, aunque s\u00ed es cierto que existen entidades que est\u00e1n politizadas. Creo que ser\u00eda un grave error, porque la cultura es respecto. Y lo que hace rico un espacio, dile ciudad, regi\u00f3n, autonom\u00eda, naci\u00f3n o pa\u00eds, dile como quieras, es precisamente que haya proyectos vinculados a personas que quieran hacer cosas, y m\u00e1s si es cultura.<br>En particular en la Feria no creo que se haya usado como arma arrojadiza. Puede ser de manera personal, pero como partido no creo que haya una lucha.<br><span style=\"background-color:#b5dcaf\" class=\"td_text_highlight_marker\"><strong>R.A. \u00bfQu\u00e9 mensaje cree que lanza entonces la celebraci\u00f3n de un acto tan multitudinario como la Feria de Abril en Catalunya al resto de Espa\u00f1a?<br>F.C. <\/strong><\/span>Al principio de celebrarse la Feria se pod\u00eda transmitir un mensaje de que exist\u00eda convivencia entre culturas. Ahora el mensaje que transmite es que sigue existiendo esta coexistencia, un respeto por la cultura en todos sus \u00e1mbitos. En ning\u00fan momento debe ser un arma que te haga inclinarte para un lado o para el otro. Si a los catalanes se les est\u00e1 pidiendo un respeto por la cultura catalana, entiendo que se les tiene que pedir un respeto por la cultura en t\u00e9rminos generales.<\/p>\n\n\n\n<div><a href=\"https:\/\/raicesandaluzas.com\/revista\/wp-content\/uploads\/2022\/04\/filocanete-1024x680.jpg\" class=\"td-modal-image\"><figure class=\"wp-block-image size-large\"><img loading=\"lazy\" decoding=\"async\" width=\"1024\" height=\"680\" src=\"https:\/\/raicesandaluzas.com\/revista\/wp-content\/uploads\/2022\/04\/filocanete-1024x680.jpg\" alt=\"\" class=\"wp-image-759\" srcset=\"https:\/\/raicesandaluzas.com\/revista\/wp-content\/uploads\/2022\/04\/filocanete-1024x680.jpg 1024w, https:\/\/raicesandaluzas.com\/revista\/wp-content\/uploads\/2022\/04\/filocanete-300x199.jpg 300w, https:\/\/raicesandaluzas.com\/revista\/wp-content\/uploads\/2022\/04\/filocanete-768x510.jpg 768w, https:\/\/raicesandaluzas.com\/revista\/wp-content\/uploads\/2022\/04\/filocanete-696x462.jpg 696w, https:\/\/raicesandaluzas.com\/revista\/wp-content\/uploads\/2022\/04\/filocanete-1068x709.jpg 1068w, https:\/\/raicesandaluzas.com\/revista\/wp-content\/uploads\/2022\/04\/filocanete-632x420.jpg 632w, https:\/\/raicesandaluzas.com\/revista\/wp-content\/uploads\/2022\/04\/filocanete.jpg 1200w\" sizes=\"auto, (max-width: 1024px) 100vw, 1024px\" \/><\/figure><\/a><\/div>\n\n\n\n<p><br><span style=\"background-color:#b5dcaf\" class=\"td_text_highlight_marker\"><strong>R.A. Antes de tener un cargo p\u00fablico, \u00bfvisitaba la Feria?<br>F.C.<\/strong><\/span> Yo tengo ra\u00edces andaluzas, toda mi familia es de C\u00f3rdoba. He vivido la cultura andaluza desde muy cerca, pero lo vivo de manera diferente. He participado en la Feria de Abril pero no de la manera tan intensa como cuando voy a Andaluc\u00eda. Tambi\u00e9n es cierto que all\u00ed acabas conviviendo con familia y amigos, es diferente. Aqu\u00ed lo viven m\u00e1s las propias entidades y las personas que lo viven como una a\u00f1oranza. Eso es algo que yo no puedo compartir porque no lo he vivido as\u00ed, pero s\u00ed es verdad que se emociona. Me trae recuerdos de mi infancia. Como muchos catalanes de ra\u00edces andaluzas, los veranos los pasaba en el pueblo de mis padres.<br><span style=\"background-color:#b5dcaf\" class=\"td_text_highlight_marker\"><strong>R.A. \u00bfQu\u00e9 cree que dicen de Sant Adri\u00e0 sus entidades, tanto las que participan en la Feria como el resto?<br>F.C. <\/strong><\/span>Ahora mismo estamos en un proceso de diagnosis de la red asociativa de la ciudad. La pandemia nos ha hecho mucho da\u00f1o. Creo que tenemos una gran red de entidades. Somos un municipio de 37.000 habitantes con m\u00e1s de 100 entidades, que se sienten a gusto en la ciudad. Aunque quiz\u00e1s quisieran ser m\u00e1s part\u00edcipes de la actividad de Sant Adri\u00e0. Me quedo con eso, con sus ganas de mejorar la ciudad. Por eso estamos en este proceso de reflexi\u00f3n, para ver c\u00f3mo estamos y para animar a las entidades a participar. Queremos ser una ciudad participativa, pero no por el n\u00famero de entidades sino porque entre ellas puedan generar sinergias y colaboraciones. Por eso este a\u00f1o la Mostra d\u2019Entitats ser\u00e1 un poco diferente porque queremos que se conozcan entre s\u00ed las entidades y buscar l\u00edneas de colaboraci\u00f3n.<br><span style=\"background-color:#b5dcaf\" class=\"td_text_highlight_marker\"><strong>R.A. Se acaba de cumplir un a\u00f1o al frente de la alcald\u00eda. \u00bfC\u00f3mo valora estos 12 meses?<br>F.C. <\/strong><\/span>Pues casi no me ven en mica casa. No, en serio, por una lado, hago una valoraci\u00f3n personal muy positiva porque estoy muy satisfecha del trabajo que he hecho. Si la siguiente pregunta es si estoy satisfecha con los resultados te dir\u00e9 que no. Porque hay momentos de mucha frustraci\u00f3n por la burocracia que conlleva la administraci\u00f3n.<br><span style=\"background-color:#b5dcaf\" class=\"td_text_highlight_marker\"><strong>R.A. Mi siguiente pregunta era si hab\u00eda algo que hab\u00eda planeado y no hab\u00eda conseguido.<br>F.C. <\/strong><\/span>Pues un poco por ah\u00ed. Hay muchos proyectos que queremos tirar adelante, que estamos trabajando para ello, pero todo es excesivamente lento. La ciudadan\u00eda me dice que es normal, que hay que ir poco a poco, en cierta manera me dan ese espacio. Pero mi legislatura es corta, ni dos a\u00f1os, porque yo siempre digo que la legislatura finaliza el 31 de diciembre de 2022.<br>Tambi\u00e9n es verdad que el contexto de la pandemia es duro, que nos estamos recuperando de muchas cosas. Donde tambi\u00e9n ha habido sorpresas que han conllevado un sobreesfuerzo y una implicaci\u00f3n importantes que ha hecho que haya dejado cosas por hacer.<br><span style=\"background-color:#b5dcaf\" class=\"td_text_highlight_marker\"><strong>R.A. Una de esas sorpresas supongo que es la contaminaci\u00f3n en la Playa del Litoral que ha supuesto su cierre desde hace casi un a\u00f1o. \u00bfSe podr\u00e1 reabrir este verano?<br>F.C.<\/strong><\/span> No, desgraciadamente no. F\u00edjate que el cierre fue al mes de ser alcaldesa. Emocionalmente me toc\u00f3 mucho porque la playa es un bien de Sant Adri\u00e0. Adem\u00e1s fue en un contexto de pandemia en el que la gente quer\u00eda disfrutar de un espacio p\u00fablico. Fue duro, pero desde el minuto uno dije que hab\u00eda que lucharlo. Estamos en la recta final de empezar. Todo lo que hemos hecho hasta ahora ha sido poner de acuerdo a muchos agentes, a todas las partes. Hemos conseguido que el Estado asuma el 100% del coste de las obras de descontaminaci\u00f3n de la playa, unas obras que podr\u00e1n comenzar antes de final de este a\u00f1o 2022. As\u00ed que ya est\u00e1 en marcha, pero para este verano es imposible. Veremos, porque las obras duran unos ocho meses.<\/p>\n","protected":false},"excerpt":{"rendered":"<p>RA\u00cdCES ANDALUZAS. En 2022 regresa la Feria de Abril a Sant Adri\u00e0 y Barcelona despu\u00e9s de dos ediciones canceladas por la pandemia. \u00bfC\u00f3mo cree que es de positiva su vuelta para la ciudad?FILO CA\u00d1ETE. La Feria de Abril siempre ha sido un fen\u00f3meno muy asentado y reconocido, no solo por la ciudadan\u00eda de Sant Adri\u00e0 [&hellip;]<\/p>\n","protected":false},"author":1,"featured_media":819,"comment_status":"open","ping_status":"open","sticky":false,"template":"","format":"standard","meta":{"footnotes":""},"categories":[19,20],"tags":[],"class_list":{"0":"post-758","1":"post","2":"type-post","3":"status-publish","4":"format-standard","5":"has-post-thumbnail","7":"category-actualidad","8":"category-entrevistas"},"_links":{"self":[{"href":"https:\/\/raicesandaluzas.com\/revista\/wp-json\/wp\/v2\/posts\/758","targetHints":{"allow":["GET"]}}],"collection":[{"href":"https:\/\/raicesandaluzas.com\/revista\/wp-json\/wp\/v2\/posts"}],"about":[{"href":"https:\/\/raicesandaluzas.com\/revista\/wp-json\/wp\/v2\/types\/post"}],"author":[{"embeddable":true,"href":"https:\/\/raicesandaluzas.com\/revista\/wp-json\/wp\/v2\/users\/1"}],"replies":[{"embeddable":true,"href":"https:\/\/raicesandaluzas.com\/revista\/wp-json\/wp\/v2\/comments?post=758"}],"version-history":[{"count":2,"href":"https:\/\/raicesandaluzas.com\/revista\/wp-json\/wp\/v2\/posts\/758\/revisions"}],"predecessor-version":[{"id":820,"href":"https:\/\/raicesandaluzas.com\/revista\/wp-json\/wp\/v2\/posts\/758\/revisions\/820"}],"wp:featuredmedia":[{"embeddable":true,"href":"https:\/\/raicesandaluzas.com\/revista\/wp-json\/wp\/v2\/media\/819"}],"wp:attachment":[{"href":"https:\/\/raicesandaluzas.com\/revista\/wp-json\/wp\/v2\/media?parent=758"}],"wp:term":[{"taxonomy":"category","embeddable":true,"href":"https:\/\/raicesandaluzas.com\/revista\/wp-json\/wp\/v2\/categories?post=758"},{"taxonomy":"post_tag","embeddable":true,"href":"https:\/\/raicesandaluzas.com\/revista\/wp-json\/wp\/v2\/tags?post=758"}],"curies":[{"name":"wp","href":"https:\/\/api.w.org\/{rel}","templated":true}]}}