{"id":754,"date":"2022-04-21T09:58:53","date_gmt":"2022-04-21T09:58:53","guid":{"rendered":"https:\/\/raicesandaluzas.com\/revista\/?p=754"},"modified":"2022-04-21T09:58:54","modified_gmt":"2022-04-21T09:58:54","slug":"cuando-cancelamos-la-feria-en-2020-fue-uno-de-los-momentos-mas-duros-de-mi-vida","status":"publish","type":"post","link":"https:\/\/raicesandaluzas.com\/revista\/2022\/04\/21\/cuando-cancelamos-la-feria-en-2020-fue-uno-de-los-momentos-mas-duros-de-mi-vida\/","title":{"rendered":"\u201cCuando cancelamos la Feria en 2020 fue uno de los momentos m\u00e1s duros de mi vida\u201d"},"content":{"rendered":"\n<p><strong><span style=\"background-color:#b5dcaf\" class=\"td_text_highlight_marker\">RA\u00cdCES ANDALUZAS. \u00bfC\u00f3mo te sentiste personalmente cuando tomaste la decisi\u00f3n hace dos a\u00f1os de cancelar la Feria de Abril con todo ya preparado?<br>DANIEL SALINERO.<\/span><\/strong> Fue el momento a nivel personal de los m\u00e1s duros de mi vida. Por el contexto en el que est\u00e1bamos, por toda la incertidumbre que hab\u00eda creada, por el miedo que sent\u00edamos todos. Tuvimos la responsabilidad de hacerlo, por la gente y por la salud de las personas, pero fue sin duda uno de los momentos m\u00e1s duros de mi vida, con diferencia. Pena, responsabilidad, dolor, miedo, eso sent\u00ed.<br><span style=\"background-color:#b5dcaf\" class=\"td_text_highlight_marker\"><strong>R.A. \u00bfHa sufrido mucho la FECAC econ\u00f3micamente estos dos a\u00f1os?<br>D.S. <\/strong><\/span>S\u00ed, claro, no somos ajenos al contexto. En el terreno cultural estos dos a\u00f1os han sido muy duros. Adem\u00e1s, hemos tenido que dar soporte a nuestras entidades, que tambi\u00e9n lo han pasado muy mal. Se han cancelado todos los actos pero se ha tenido que seguir pagando alquileres, personal.<br><span style=\"background-color:#b5dcaf\" class=\"td_text_highlight_marker\"><strong>R.A. \u00bfHan tenido que cerrar muchas entidades?<br>D.S.<\/strong><\/span> En principio no, por la pandemia no ha cerrado ninguna. S\u00ed que hay entidades que se han quedado m\u00e1s tocadas y les est\u00e1 costando un poco m\u00e1s por el tipo de socios que tienen pues tienen m\u00e1s miedo, m\u00e1s respeto. Pero hay otras que han vuelto con m\u00e1s ganas que antes de la pandemia.<br><span style=\"background-color:#b5dcaf\" class=\"td_text_highlight_marker\"><strong>R.A. \u00bfQu\u00e9 problemas os han transmitido las entidades y hermandades estos dos \u00faltimos a\u00f1os?<br>D.S.<\/strong><\/span> El principal problemas son las personas que se han marchado o que lo han pasado muy mal a nivel de salud. Y luego pues todo el tema de los costes. Las subvenciones, al no haber actividad, las administraciones no han dado ayudas, o al menos la mayor\u00eda de ellas. Adem\u00e1s, a nivel emocional ha sido complicado el tener los locales cerrados, no poder hacer actividades y estar con los tuyos. Para ellos ha sido y est\u00e1 siendo muy duro.<br><span style=\"background-color:#b5dcaf\" class=\"td_text_highlight_marker\"><strong>R.A. \u00bfEn el 2021 hubo la posibilidad en alg\u00fan momento de celebrar la Feria de Abril?<br>D.S.<\/strong><\/span> No, en el 2020 s\u00ed se habl\u00f3 de posponerla a septiembre con formato diferente, m\u00e1s reducido. Lo pensamos as\u00ed porque al principio no sab\u00edamos c\u00f3mo iba a evolucionar todo. Pero en 2021 desde el principio ya supimos que no se podr\u00eda porque ya ten\u00edamos m\u00e1s informaci\u00f3n y ya sab\u00edamos c\u00f3mo funcionaba el Covid.<br><span style=\"background-color:#b5dcaf\" class=\"td_text_highlight_marker\"><strong>R.A. Este a\u00f1o estaba claro que se organizaba, \u00bfno?<br>D.S.<\/strong><\/span> S\u00ed, desde el primer momento. Llevamos hablando desde finales de agosto-septiembre con el Ayuntamiento y con las autoridades sanitarias, y aunque en diciembre vino la variante \u00d3micron nos dijeron que s\u00ed se podr\u00eda realizar. Con Salvador Illa tenemos muy buena relaci\u00f3n y aunque ya no era ministro de sanidad, como lo tenemos aqu\u00ed cerca lo pod\u00edamos llamar y todo lo que nos ha ido diciendo se ha ido cumpliendo.<br><span style=\"background-color:#b5dcaf\" class=\"td_text_highlight_marker\"><strong>R.A. \u00bfHa costado mucho reiniciar todo el proceso o hab\u00eda tantas ganas que ha sido incluso m\u00e1s f\u00e1cil?<br>D.S.<\/strong><\/span> Ha sido extra\u00f1o, porque a pesar de estar dos a\u00f1os sin montar todo ha ido muy fluido. Proveedores, comerciales, visitantes, trabajadores de la Feria, todos nos han mandado un gran feedback que te anima a seguir con la Feria de Abril.<\/p>\n\n\n\n<p><span style=\"background-color:#b5dcaf\" class=\"td_text_highlight_marker\"><strong>R.A. \u00bfLas entidades y hermandades han estado m\u00e1s predispuestas a montar o lo tienen m\u00e1s complicado este a\u00f1o?<br>D.S.<\/strong><\/span> No creo que les haya costado m\u00e1s. Lo que s\u00ed es verdad que todas han tenido un proceso de respeto, de compromiso con sus socios y de ponerles en situaci\u00f3n. La FECAC, a las entidades que montan les hemos hecho una ayuda directa, con el pago del 50% de la carpa. Yo creo que este a\u00f1o, de afluencia de p\u00fablico, va a ser brutal, pero a\u00fan hay miedo de c\u00f3mo ir\u00e1.<br><span style=\"background-color:#b5dcaf\" class=\"td_text_highlight_marker\"><strong>R.A. \u00bfCu\u00e1ntas entidades montan?<br>D.S.<\/strong><\/span> Creo que unas 27.<br><span style=\"background-color:#b5dcaf\" class=\"td_text_highlight_marker\"><strong>R.A. Son m\u00e1s que a\u00f1os anteriores, \u00bfno?<br>D.S.<\/strong><\/span> S\u00ed, porque este a\u00f1o hemos abierto otro formato de casetas que son m\u00e1s peque\u00f1as y tienen una terracita, para tener m\u00e1s espacios abiertos por el tema del Covid. Eso nos ha funcionado muy bien. Y luego tenemos colectivos que van a participar, como el LGTBI, que tendr\u00e1n caseta y punto de informaci\u00f3n. Los partidos pol\u00edticos est\u00e1n todos los del 2019, menos Junts.<br><span style=\"background-color:#b5dcaf\" class=\"td_text_highlight_marker\"><strong>R.A. Hay muchas entidades que no llevan ellas el tema del bar como se hac\u00eda siempre. \u00bfTe da pena que se pierda la tradici\u00f3n?<br>D.S.<\/strong><\/span> Eso se ha hecho siempre. Cuando yo era peque\u00f1o y montaba mi hermandad ya se hac\u00eda, siempre ha habido gente que ha preferido profesionalizar los servicios. Si en tu entidad no tienes cocineros o no tienes socios que puedan estar atendiendo las mesas y las barras.<br><span style=\"background-color:#b5dcaf\" class=\"td_text_highlight_marker\"><strong>R.A. \u00bfCon las instituciones tambi\u00e9n ha sido f\u00e1cil volver a retomar el contacto?<br>D.S.<\/strong><\/span> Hemos estado en contacto siempre, tambi\u00e9n durante la pandemia. Con el presidente de la Generalitat estuvimos en el Seminario de la FECAC, con la Diputaci\u00f3n tenemos un trato muy directo. Con el Ayuntamiento de Barcelona a veces hemos tenido nuestros m\u00e1s y nuestros menos al pasar toda la organizaci\u00f3n por ah\u00ed, pero siempre hemos tenido un trato muy directo.<br><span style=\"background-color:#b5dcaf\" class=\"td_text_highlight_marker\"><strong>R.A. Al calmarse el tema pol\u00edtico aqu\u00ed en Catalunya, \u00bfse ha mejorado tambi\u00e9n las relaci\u00f3n con instituciones como la Generalitat?<br>D.S.<\/strong><\/span> Con la Generalitat siempre hemos tenido una relaci\u00f3n muy buena, casi a veces m\u00e1s que con la Junta de Andaluc\u00eda. A nivel social es verdad que ahora estamos hablando de otras cosas, la pandemia, la guerra de Ucrania. Pero nosotros no hemos sentido que el independentismo se haya puesto en nuestra contra.<\/p>\n\n\n\n<div><a href=\"https:\/\/raicesandaluzas.com\/revista\/wp-content\/uploads\/2022\/04\/salineroFeria2022_II-1024x736.jpg\" class=\"td-modal-image\"><figure class=\"wp-block-image size-large\"><img loading=\"lazy\" decoding=\"async\" width=\"1024\" height=\"736\" src=\"https:\/\/raicesandaluzas.com\/revista\/wp-content\/uploads\/2022\/04\/salineroFeria2022_II-1024x736.jpg\" alt=\"\" class=\"wp-image-755\" srcset=\"https:\/\/raicesandaluzas.com\/revista\/wp-content\/uploads\/2022\/04\/salineroFeria2022_II-1024x736.jpg 1024w, https:\/\/raicesandaluzas.com\/revista\/wp-content\/uploads\/2022\/04\/salineroFeria2022_II-300x216.jpg 300w, https:\/\/raicesandaluzas.com\/revista\/wp-content\/uploads\/2022\/04\/salineroFeria2022_II-768x552.jpg 768w, https:\/\/raicesandaluzas.com\/revista\/wp-content\/uploads\/2022\/04\/salineroFeria2022_II-696x500.jpg 696w, https:\/\/raicesandaluzas.com\/revista\/wp-content\/uploads\/2022\/04\/salineroFeria2022_II-1068x767.jpg 1068w, https:\/\/raicesandaluzas.com\/revista\/wp-content\/uploads\/2022\/04\/salineroFeria2022_II-585x420.jpg 585w, https:\/\/raicesandaluzas.com\/revista\/wp-content\/uploads\/2022\/04\/salineroFeria2022_II.jpg 1200w\" sizes=\"auto, (max-width: 1024px) 100vw, 1024px\" \/><figcaption>Daniel Salinero, durante la presentaci\u00f3n de la Feria de Abril de Catalunya 2022 el pasado 1 de abril.<\/figcaption><\/figure><\/a><\/div>\n\n\n\n<p><br><span style=\"background-color:#b5dcaf\" class=\"td_text_highlight_marker\"><strong>R.A. Desde el 20 de abril no es obligatoria la mascarilla en interiores. \u00bfPodr\u00e1n las entidades obligar a llevarla en el interior de su caseta?<br>D.S.<\/strong><\/span> Al no ser obligatoria no creo que se pueda hacer. Pero la mascarilla est\u00e1 muy integrada en nuestro d\u00eda a d\u00eda. Ves a gente que la lleva o no en la calle, y pienso que mucha gente seguir\u00e1 llev\u00e1ndola en interiores por prudencia. Yo la seguir\u00e9 llevando.<br><span style=\"background-color:#b5dcaf\" class=\"td_text_highlight_marker\"><strong>R.A. Hab\u00e9is firmado varios convenios con empresas.<br>D.S.<\/strong><\/span> S\u00ed, tenemos convenios con Agbar, Renfe, Cruzcampo, Coca Cola y Bodegas Barbadillo, como marcas oficiales. Y este a\u00f1o Radio Teletaxi es la emisora oficial.<br><span style=\"background-color:#b5dcaf\" class=\"td_text_highlight_marker\"><strong>R.A. \u00bfEs la primera vez que es emisora oficial?<br>D.S.<\/strong><\/span> Desde que soy presidente, s\u00ed.<br><span style=\"background-color:#b5dcaf\" class=\"td_text_highlight_marker\"><strong>R.A. \u00bfPuede darle un impulso m\u00e1s a la Feria de Abril?<br>D.S. <\/strong><\/span>Bueno, Justo Molinero es una de las personas m\u00e1s importantes e influyentes en el movimiento catal\u00e1n y andaluz en la historia de este pa\u00eds. Para nosotros es importante que la FECAC, que es la entidad m\u00e1s importante que hay en Catalunya, vaya de la mano de la emisora y de la persona de Justo.<br><span style=\"background-color:#b5dcaf\" class=\"td_text_highlight_marker\"><strong>R.A. \u00bfQu\u00e9 nivel va a haber en el terreno de las actuaciones?<br>D.S. <\/strong><\/span>Tenemos muy claro que vamos a priorizar los artistas catalanes. En la pandemia todos lo hemos pasado mal y ellos especialmente, as\u00ed que estamos en la obligaci\u00f3n de darle importancia a los nuestros. Aunque tambi\u00e9n vendr\u00e1 alg\u00fan artista de Andaluc\u00eda para rematarlo.<br><span style=\"background-color:#b5dcaf\" class=\"td_text_highlight_marker\"><strong>R.A. En esta edici\u00f3n volver\u00e1 a haber un Punta Lila contra el acoso sexual. \u00bfTuvisteis noticia de alg\u00fan incidente grave?<br>D.S.<\/strong><\/span> No, en 2019 no hubo ning\u00fan incidente a remarcar. Tuvieron mucha actividad porque repartieron mucha informaci\u00f3n, pero no hubo ning\u00fan caso. Esperemos que en 2022 tampoco lo haya.<br><span style=\"background-color:#b5dcaf\" class=\"td_text_highlight_marker\"><strong>R.A. Antes te preguntaba como te sentiste al cancelar la Feria en 2020. \u00bfC\u00f3mo te vas a sentir el d\u00eda 22 de abril cuando le des al bot\u00f3n de encendido?<br>D.S.<\/strong><\/span> Emoci\u00f3n, por los que no nos van a poder acompa\u00f1ar. Emoci\u00f3n por los que nos acompa\u00f1an y han peleado. Y emoci\u00f3n por volver a tener un lugar en el que volvernos a sentir personas y volver a disfrutar de la vida.<br><span style=\"background-color:#b5dcaf\" class=\"td_text_highlight_marker\"><strong>R.A. \u00bfY ya pensando en la edici\u00f3n 50 del a\u00f1o que viene?<br>D.S.<\/strong><\/span> Primero acabemos esta y ya pensaremos en la edici\u00f3n del a\u00f1o que viene. Aunque l\u00f3gicamente es una fecha importante y hay que empezar a trabajarla pronto.<br>Antes de despedirme quer\u00eda decir que hemos firmado un convenio con el Consulado de Ucrania en Barcelona. Habr\u00e1 una carpa de ayuda humanitaria para la recogida de alimentos y medicamentos. Tambi\u00e9n se abrir\u00e1 una cuenta corriente para recaudar fondos.<br><span style=\"background-color:#b5dcaf\" class=\"td_text_highlight_marker\"><strong>R.A. \u00bfC\u00f3mo surgi\u00f3 esta colaboraci\u00f3n?<br>D.S.<\/strong><\/span> La idea fue nuestra y nos pusimos en contacto con ellos y les pareci\u00f3 perfecto. Est\u00e1n muy agradecidos. Y sorprendidos, porque algunos ya hab\u00edan venido a la Feria, la conoc\u00edan, y no se esperaban que les propusi\u00e9ramos de estar presentes. Espero que la respuesta sea masiva. <\/p>\n","protected":false},"excerpt":{"rendered":"<p>RA\u00cdCES ANDALUZAS. \u00bfC\u00f3mo te sentiste personalmente cuando tomaste la decisi\u00f3n hace dos a\u00f1os de cancelar la Feria de Abril con todo ya preparado?DANIEL SALINERO. Fue el momento a nivel personal de los m\u00e1s duros de mi vida. Por el contexto en el que est\u00e1bamos, por toda la incertidumbre que hab\u00eda creada, por el miedo que [&hellip;]<\/p>\n","protected":false},"author":1,"featured_media":756,"comment_status":"open","ping_status":"open","sticky":false,"template":"","format":"standard","meta":{"footnotes":""},"categories":[19,20],"tags":[],"class_list":{"0":"post-754","1":"post","2":"type-post","3":"status-publish","4":"format-standard","5":"has-post-thumbnail","7":"category-actualidad","8":"category-entrevistas"},"_links":{"self":[{"href":"https:\/\/raicesandaluzas.com\/revista\/wp-json\/wp\/v2\/posts\/754","targetHints":{"allow":["GET"]}}],"collection":[{"href":"https:\/\/raicesandaluzas.com\/revista\/wp-json\/wp\/v2\/posts"}],"about":[{"href":"https:\/\/raicesandaluzas.com\/revista\/wp-json\/wp\/v2\/types\/post"}],"author":[{"embeddable":true,"href":"https:\/\/raicesandaluzas.com\/revista\/wp-json\/wp\/v2\/users\/1"}],"replies":[{"embeddable":true,"href":"https:\/\/raicesandaluzas.com\/revista\/wp-json\/wp\/v2\/comments?post=754"}],"version-history":[{"count":1,"href":"https:\/\/raicesandaluzas.com\/revista\/wp-json\/wp\/v2\/posts\/754\/revisions"}],"predecessor-version":[{"id":757,"href":"https:\/\/raicesandaluzas.com\/revista\/wp-json\/wp\/v2\/posts\/754\/revisions\/757"}],"wp:featuredmedia":[{"embeddable":true,"href":"https:\/\/raicesandaluzas.com\/revista\/wp-json\/wp\/v2\/media\/756"}],"wp:attachment":[{"href":"https:\/\/raicesandaluzas.com\/revista\/wp-json\/wp\/v2\/media?parent=754"}],"wp:term":[{"taxonomy":"category","embeddable":true,"href":"https:\/\/raicesandaluzas.com\/revista\/wp-json\/wp\/v2\/categories?post=754"},{"taxonomy":"post_tag","embeddable":true,"href":"https:\/\/raicesandaluzas.com\/revista\/wp-json\/wp\/v2\/tags?post=754"}],"curies":[{"name":"wp","href":"https:\/\/api.w.org\/{rel}","templated":true}]}}