{"id":751,"date":"2022-04-20T10:11:21","date_gmt":"2022-04-20T10:11:21","guid":{"rendered":"https:\/\/raicesandaluzas.com\/revista\/?p=751"},"modified":"2022-04-20T10:11:22","modified_gmt":"2022-04-20T10:11:22","slug":"el-cca-de-mollet-del-valles-celebra-en-sant-jordi-su-43-aniversario","status":"publish","type":"post","link":"https:\/\/raicesandaluzas.com\/revista\/2022\/04\/20\/el-cca-de-mollet-del-valles-celebra-en-sant-jordi-su-43-aniversario\/","title":{"rendered":"El CCA de Mollet del Vall\u00e8s celebra en Sant Jordi su 43 aniversario"},"content":{"rendered":"\n<p>Este pr\u00f3ximo s\u00e1bado, 23 de abril, se celebra en toda Catalunya Sant Jordi, d\u00eda de rosas y libros. En el Centro Cultural Andaluz de Mollet del Vall\u00e8s estar\u00e1n de doble celebraci\u00f3n, ya que ese mismo d\u00eda llevar\u00e1n a cabo la conmemoraci\u00f3n de su 43 aniversario. Ser\u00e1 en el Teatre Can Gom\u00e0, y contar\u00e1 con las actuaciones de los miembros de las clases de baile del centro, sus cuadros de baile \u00abTriana\u00bb, \u00abSemilla Flamenca\u00bb \u00abarte y Comp\u00e1s\u00bb y \u00abPasi\u00f3n Flamenca\u00bb, el Coro Rociero Amigos del Roc\u00edo y la actuaci\u00f3n especial del grupo de flamenco \u00abTac\u00f3n y Bord\u00f3n\u00bb. <\/p>\n\n\n\n<p>Adem\u00e1s, se contar\u00e1 con la presencia del alcalde de la localidad malague\u00f1a de Humilladero, Miguel Asencio. El acto comenzar\u00e1 a las 18.30 horas y las puertas del teatro se abrir\u00e1n 15 minutos antes. <\/p>\n","protected":false},"excerpt":{"rendered":"<p>Este pr\u00f3ximo s\u00e1bado, 23 de abril, se celebra en toda Catalunya Sant Jordi, d\u00eda de rosas y libros. En el Centro Cultural Andaluz de Mollet del Vall\u00e8s estar\u00e1n de doble celebraci\u00f3n, ya que ese mismo d\u00eda llevar\u00e1n a cabo la conmemoraci\u00f3n de su 43 aniversario. Ser\u00e1 en el Teatre Can Gom\u00e0, y contar\u00e1 con las [&hellip;]<\/p>\n","protected":false},"author":1,"featured_media":752,"comment_status":"open","ping_status":"open","sticky":false,"template":"","format":"standard","meta":{"footnotes":""},"categories":[19],"tags":[],"class_list":{"0":"post-751","1":"post","2":"type-post","3":"status-publish","4":"format-standard","5":"has-post-thumbnail","7":"category-actualidad"},"_links":{"self":[{"href":"https:\/\/raicesandaluzas.com\/revista\/wp-json\/wp\/v2\/posts\/751","targetHints":{"allow":["GET"]}}],"collection":[{"href":"https:\/\/raicesandaluzas.com\/revista\/wp-json\/wp\/v2\/posts"}],"about":[{"href":"https:\/\/raicesandaluzas.com\/revista\/wp-json\/wp\/v2\/types\/post"}],"author":[{"embeddable":true,"href":"https:\/\/raicesandaluzas.com\/revista\/wp-json\/wp\/v2\/users\/1"}],"replies":[{"embeddable":true,"href":"https:\/\/raicesandaluzas.com\/revista\/wp-json\/wp\/v2\/comments?post=751"}],"version-history":[{"count":1,"href":"https:\/\/raicesandaluzas.com\/revista\/wp-json\/wp\/v2\/posts\/751\/revisions"}],"predecessor-version":[{"id":753,"href":"https:\/\/raicesandaluzas.com\/revista\/wp-json\/wp\/v2\/posts\/751\/revisions\/753"}],"wp:featuredmedia":[{"embeddable":true,"href":"https:\/\/raicesandaluzas.com\/revista\/wp-json\/wp\/v2\/media\/752"}],"wp:attachment":[{"href":"https:\/\/raicesandaluzas.com\/revista\/wp-json\/wp\/v2\/media?parent=751"}],"wp:term":[{"taxonomy":"category","embeddable":true,"href":"https:\/\/raicesandaluzas.com\/revista\/wp-json\/wp\/v2\/categories?post=751"},{"taxonomy":"post_tag","embeddable":true,"href":"https:\/\/raicesandaluzas.com\/revista\/wp-json\/wp\/v2\/tags?post=751"}],"curies":[{"name":"wp","href":"https:\/\/api.w.org\/{rel}","templated":true}]}}