{"id":748,"date":"2022-04-19T11:52:43","date_gmt":"2022-04-19T11:52:43","guid":{"rendered":"https:\/\/raicesandaluzas.com\/revista\/?p=748"},"modified":"2022-04-19T11:52:44","modified_gmt":"2022-04-19T11:52:44","slug":"la-feria-de-abril-de-catalunya-solidaria-con-ucrania","status":"publish","type":"post","link":"https:\/\/raicesandaluzas.com\/revista\/2022\/04\/19\/la-feria-de-abril-de-catalunya-solidaria-con-ucrania\/","title":{"rendered":"La Feria de Abril de Catalunya, solidaria con Ucrania"},"content":{"rendered":"\n<p>La Federaci\u00f3n de Entidades Culturales Andaluzas en Catalunya (FECAC) se une a la corriente de solidaridad con el pueblo ucraniano y habilita una caseta, la n\u00famero 48 de la Feria de Abril de Catalunya, para la recogida de alimentos no perecederos a cargo de voluntarios. Asimismo, dispone de la cuenta corriente de Caixabank ES45 2100 5000 5202 0030 6359 para quien quiera aportar donativos.<\/p>\n\n\n\n<p>Adem\u00e1s, habr\u00e1 alguna muestra cultural en la caseta principal de la FECAC para acercar la cultura y tradici\u00f3n ucranianas a los visitantes.<\/p>\n\n\n\n<p>Estas acciones est\u00e1n recogidas en el convenio firmado esta ma\u00f1ana en Barcelona por el presidente de la FECAC, Daniel Salinero, y el c\u00f3nsul general de Ucrania en Barcelona, Artem Vorobyov, quien ha agradecido la disposici\u00f3n de la Federaci\u00f3n para ayudar a paliar la crisis humanitaria por los efectos devastadores de la guerra que sufre aquel pa\u00eds europeo.<\/p>\n\n\n\n<p>La Feria de Abril de Catalunya tendr\u00e1 lugar en el Parc del F\u00f2rum desde el pr\u00f3ximo viernes, 22 de abril, al domingo 1 de mayo.<\/p>\n","protected":false},"excerpt":{"rendered":"<p>La Federaci\u00f3n de Entidades Culturales Andaluzas en Catalunya (FECAC) se une a la corriente de solidaridad con el pueblo ucraniano y habilita una caseta, la n\u00famero 48 de la Feria de Abril de Catalunya, para la recogida de alimentos no perecederos a cargo de voluntarios. Asimismo, dispone de la cuenta corriente de Caixabank ES45 2100 [&hellip;]<\/p>\n","protected":false},"author":1,"featured_media":749,"comment_status":"open","ping_status":"open","sticky":false,"template":"","format":"standard","meta":{"footnotes":""},"categories":[19],"tags":[],"class_list":{"0":"post-748","1":"post","2":"type-post","3":"status-publish","4":"format-standard","5":"has-post-thumbnail","7":"category-actualidad"},"_links":{"self":[{"href":"https:\/\/raicesandaluzas.com\/revista\/wp-json\/wp\/v2\/posts\/748","targetHints":{"allow":["GET"]}}],"collection":[{"href":"https:\/\/raicesandaluzas.com\/revista\/wp-json\/wp\/v2\/posts"}],"about":[{"href":"https:\/\/raicesandaluzas.com\/revista\/wp-json\/wp\/v2\/types\/post"}],"author":[{"embeddable":true,"href":"https:\/\/raicesandaluzas.com\/revista\/wp-json\/wp\/v2\/users\/1"}],"replies":[{"embeddable":true,"href":"https:\/\/raicesandaluzas.com\/revista\/wp-json\/wp\/v2\/comments?post=748"}],"version-history":[{"count":1,"href":"https:\/\/raicesandaluzas.com\/revista\/wp-json\/wp\/v2\/posts\/748\/revisions"}],"predecessor-version":[{"id":750,"href":"https:\/\/raicesandaluzas.com\/revista\/wp-json\/wp\/v2\/posts\/748\/revisions\/750"}],"wp:featuredmedia":[{"embeddable":true,"href":"https:\/\/raicesandaluzas.com\/revista\/wp-json\/wp\/v2\/media\/749"}],"wp:attachment":[{"href":"https:\/\/raicesandaluzas.com\/revista\/wp-json\/wp\/v2\/media?parent=748"}],"wp:term":[{"taxonomy":"category","embeddable":true,"href":"https:\/\/raicesandaluzas.com\/revista\/wp-json\/wp\/v2\/categories?post=748"},{"taxonomy":"post_tag","embeddable":true,"href":"https:\/\/raicesandaluzas.com\/revista\/wp-json\/wp\/v2\/tags?post=748"}],"curies":[{"name":"wp","href":"https:\/\/api.w.org\/{rel}","templated":true}]}}