{"id":745,"date":"2022-04-14T10:25:52","date_gmt":"2022-04-14T10:25:52","guid":{"rendered":"https:\/\/raicesandaluzas.com\/revista\/?p=745"},"modified":"2022-04-14T10:25:53","modified_gmt":"2022-04-14T10:25:53","slug":"todo-preparado-para-la-procesion-del-viernes-santo-de-la-cofradia-de-las-angustias","status":"publish","type":"post","link":"https:\/\/raicesandaluzas.com\/revista\/2022\/04\/14\/todo-preparado-para-la-procesion-del-viernes-santo-de-la-cofradia-de-las-angustias\/","title":{"rendered":"Todo preparado para la Procesi\u00f3n del Viernes Santo de la Cofrad\u00eda de las Angustias"},"content":{"rendered":"\n<p>Ma\u00f1ana, 15 de abril, Viernes Santo, los cofrades de la Hermandad y Cofrad\u00eda de Nuestra Se\u00f1ora de las Angustias vivir\u00e1n un momento m\u00e1gico. A partir de las 19 horas y desde la Iglesia de Sant Jaume, en la calle Ferran, 28, de Barcelona, volver\u00e1n a recorrer las calles del barrio G\u00f3tico los pasos de la hermandad en lo que ser\u00e1, sin duda, un instante para el recuerdo. Recuerdo de los que ya no est\u00e1n, de los nuevos cofrades, y de los malos y buenos momentos que nos ha tra\u00eddo esta pandemia de Covid19.<\/p>\n\n\n\n<p>El recorrido de la Procesi\u00f3n de Viernes Santo ser\u00e1: calle Ferran, Ramblas, Cardenal Casa\u00f1as, Pla\u00e7a del Pi, Pla\u00e7a Sant Josep Oriol, Pla\u00e7a del Pi, Portaferrissa, Boters, Catedral, Santa Ll\u00fa\u00e7ia, Bisbe, Pla\u00e7a Sant Jaume y Ferran.<\/p>\n","protected":false},"excerpt":{"rendered":"<p>Ma\u00f1ana, 15 de abril, Viernes Santo, los cofrades de la Hermandad y Cofrad\u00eda de Nuestra Se\u00f1ora de las Angustias vivir\u00e1n un momento m\u00e1gico. A partir de las 19 horas y desde la Iglesia de Sant Jaume, en la calle Ferran, 28, de Barcelona, volver\u00e1n a recorrer las calles del barrio G\u00f3tico los pasos de la [&hellip;]<\/p>\n","protected":false},"author":1,"featured_media":746,"comment_status":"open","ping_status":"open","sticky":false,"template":"","format":"standard","meta":{"footnotes":""},"categories":[19],"tags":[],"class_list":{"0":"post-745","1":"post","2":"type-post","3":"status-publish","4":"format-standard","5":"has-post-thumbnail","7":"category-actualidad"},"_links":{"self":[{"href":"https:\/\/raicesandaluzas.com\/revista\/wp-json\/wp\/v2\/posts\/745","targetHints":{"allow":["GET"]}}],"collection":[{"href":"https:\/\/raicesandaluzas.com\/revista\/wp-json\/wp\/v2\/posts"}],"about":[{"href":"https:\/\/raicesandaluzas.com\/revista\/wp-json\/wp\/v2\/types\/post"}],"author":[{"embeddable":true,"href":"https:\/\/raicesandaluzas.com\/revista\/wp-json\/wp\/v2\/users\/1"}],"replies":[{"embeddable":true,"href":"https:\/\/raicesandaluzas.com\/revista\/wp-json\/wp\/v2\/comments?post=745"}],"version-history":[{"count":1,"href":"https:\/\/raicesandaluzas.com\/revista\/wp-json\/wp\/v2\/posts\/745\/revisions"}],"predecessor-version":[{"id":747,"href":"https:\/\/raicesandaluzas.com\/revista\/wp-json\/wp\/v2\/posts\/745\/revisions\/747"}],"wp:featuredmedia":[{"embeddable":true,"href":"https:\/\/raicesandaluzas.com\/revista\/wp-json\/wp\/v2\/media\/746"}],"wp:attachment":[{"href":"https:\/\/raicesandaluzas.com\/revista\/wp-json\/wp\/v2\/media?parent=745"}],"wp:term":[{"taxonomy":"category","embeddable":true,"href":"https:\/\/raicesandaluzas.com\/revista\/wp-json\/wp\/v2\/categories?post=745"},{"taxonomy":"post_tag","embeddable":true,"href":"https:\/\/raicesandaluzas.com\/revista\/wp-json\/wp\/v2\/tags?post=745"}],"curies":[{"name":"wp","href":"https:\/\/api.w.org\/{rel}","templated":true}]}}