{"id":741,"date":"2022-04-12T11:58:26","date_gmt":"2022-04-12T11:58:26","guid":{"rendered":"https:\/\/raicesandaluzas.com\/revista\/?p=741"},"modified":"2022-04-12T11:58:28","modified_gmt":"2022-04-12T11:58:28","slug":"la-virgen-de-la-cabeza-en-catalunya-tendra-de-nuevo-su-romeria","status":"publish","type":"post","link":"https:\/\/raicesandaluzas.com\/revista\/2022\/04\/12\/la-virgen-de-la-cabeza-en-catalunya-tendra-de-nuevo-su-romeria\/","title":{"rendered":"La Virgen de la Cabeza en Catalunya tendr\u00e1 de nuevo su Romer\u00eda"},"content":{"rendered":"\n<p>Dos a\u00f1os han pasado desde la \u00faltima edici\u00f3n de la Romer\u00eda en honor a la Virgen de la Cabeza en Catalunya. Como todas las entidades, la Cofrad\u00eda de la Virgen de la Cabeza en Catalunya de la Archidi\u00f3cesis de Barcelona tuvo que suspender en 2020 la Romer\u00eca y limitarse en 2021 a actos religiosos con aforo muy limitado. Pero, en 2022, todo ha vuelto a la normalidad, y los devotos de la patrona de And\u00fajar podr\u00e1n de nuevo ver a su Virgen recorriendo las calles de L\u2019Hospitalet, Sant Feliu de Llobregat y Sant Quirze del Vall\u00e8s.<\/p>\n\n\n\n<p>Los actos comenzar\u00e1n el s\u00e1bado, 23 de abril, con la concentraci\u00f3n de los devotos de Nuestra Se\u00f1ora Virgen de la Cabeza en Catalunya en la parroquia de Sant isidre Llaurador, de L\u2019Hospitalet de Llobregat, desde donde, como es habitual, la imagen saldr\u00e1 hacia Sabadell para pasar el fin de semana en el bosque de Sant Feliuet. A las 17 horas llegar\u00e1 a la parroquia del Sagrat Cor, de Sabadell, desde donde saldr\u00e1 en procesi\u00f3n hacia la ermita de Sant Feliuet, en Sant Quirze del Vall\u00e8s, donde se llevar\u00e1 a cabo la Romer\u00eda durante el resto del fin de semana. Con actos tan destacados como el Santo Rosario de la Aurora el s\u00e1bado a las 23 horas, y la Misa romera en honor a Nuestra Se\u00f1ora Virgen de la Cabeza, oficiada por Moss\u00e8n Joaquim Meseguer. La romer\u00eda con todos los fieles comenzar\u00e1 a las 12 horas, y a las 16.30 horas se proclamar\u00e1 a los Hermanos Mayores 2023. La imagen de la Virgen retornar\u00e1 a la parroquia de Sant Isidre Llaurador a partir de las 17 horas del domingo, poniendo as\u00ed fin a la Romer\u00eda en honor a la Virgen de la Cabeza. &nbsp;&nbsp;&nbsp;&nbsp;<\/p>\n","protected":false},"excerpt":{"rendered":"<p>Dos a\u00f1os han pasado desde la \u00faltima edici\u00f3n de la Romer\u00eda en honor a la Virgen de la Cabeza en Catalunya. Como todas las entidades, la Cofrad\u00eda de la Virgen de la Cabeza en Catalunya de la Archidi\u00f3cesis de Barcelona tuvo que suspender en 2020 la Romer\u00eca y limitarse en 2021 a actos religiosos con [&hellip;]<\/p>\n","protected":false},"author":1,"featured_media":742,"comment_status":"open","ping_status":"open","sticky":false,"template":"","format":"standard","meta":{"footnotes":""},"categories":[19],"tags":[],"class_list":{"0":"post-741","1":"post","2":"type-post","3":"status-publish","4":"format-standard","5":"has-post-thumbnail","7":"category-actualidad"},"_links":{"self":[{"href":"https:\/\/raicesandaluzas.com\/revista\/wp-json\/wp\/v2\/posts\/741","targetHints":{"allow":["GET"]}}],"collection":[{"href":"https:\/\/raicesandaluzas.com\/revista\/wp-json\/wp\/v2\/posts"}],"about":[{"href":"https:\/\/raicesandaluzas.com\/revista\/wp-json\/wp\/v2\/types\/post"}],"author":[{"embeddable":true,"href":"https:\/\/raicesandaluzas.com\/revista\/wp-json\/wp\/v2\/users\/1"}],"replies":[{"embeddable":true,"href":"https:\/\/raicesandaluzas.com\/revista\/wp-json\/wp\/v2\/comments?post=741"}],"version-history":[{"count":1,"href":"https:\/\/raicesandaluzas.com\/revista\/wp-json\/wp\/v2\/posts\/741\/revisions"}],"predecessor-version":[{"id":743,"href":"https:\/\/raicesandaluzas.com\/revista\/wp-json\/wp\/v2\/posts\/741\/revisions\/743"}],"wp:featuredmedia":[{"embeddable":true,"href":"https:\/\/raicesandaluzas.com\/revista\/wp-json\/wp\/v2\/media\/742"}],"wp:attachment":[{"href":"https:\/\/raicesandaluzas.com\/revista\/wp-json\/wp\/v2\/media?parent=741"}],"wp:term":[{"taxonomy":"category","embeddable":true,"href":"https:\/\/raicesandaluzas.com\/revista\/wp-json\/wp\/v2\/categories?post=741"},{"taxonomy":"post_tag","embeddable":true,"href":"https:\/\/raicesandaluzas.com\/revista\/wp-json\/wp\/v2\/tags?post=741"}],"curies":[{"name":"wp","href":"https:\/\/api.w.org\/{rel}","templated":true}]}}