{"id":735,"date":"2022-04-11T09:35:00","date_gmt":"2022-04-11T09:35:00","guid":{"rendered":"https:\/\/raicesandaluzas.com\/revista\/?p=735"},"modified":"2022-04-12T09:36:10","modified_gmt":"2022-04-12T09:36:10","slug":"la-fedic-celebra-el-dia-internacional-del-pueblo-gitano-con-la-entrega-de-su-concurso-de-poesia","status":"publish","type":"post","link":"https:\/\/raicesandaluzas.com\/revista\/2022\/04\/11\/la-fedic-celebra-el-dia-internacional-del-pueblo-gitano-con-la-entrega-de-su-concurso-de-poesia\/","title":{"rendered":"La FEDIC celebra el D\u00eda Internacional del Pueblo Gitano con la entrega de su concurso de poes\u00eda"},"content":{"rendered":"\n<p>El pasado s\u00e1bado, 9 de abril, la FEDIC (Federaci\u00f3n Educaci\u00f3n y Deporte Interculturas), celebr\u00f3 en Pineda de Mar el D\u00eda Internacional del Pueblo Gitano, que se conmemora cada a\u00f1o el 8 de abril. Y lo hizo con la entrega de premios de su concurso de poes\u00eda \u201cAntonio Machado\u201d.<\/p>\n\n\n\n<p>Al concurso de poes\u00eda se han presentado 21 poemas llegados de lejanos pueblos de Espa\u00f1a: Eduardo Godino (Puerto Real), Emilia Montull (Vilanova),&nbsp; Antonia Navarrete (Valencia), Curro Gadella (Olivenza), Pascual Serrano (Badalona), Valent\u00edn Nieves (Pineda de Mar), Carlos Canillas (Santa Coloma de Gramenet), Manuel Chico (Barcelona).<\/p>\n\n\n\n<p>El primer premio ha sido para Eduardo Godino con \u201cMiguel Hern\u00e1ndez nunca te olvidamos\u201d. El segundo premio se otorg\u00f3 a Emilia Montull por \u201cManos trabajadoras\u201d, Y, por \u00faltimo, el tercer premio ha sido para Antonia Navarrete con \u201cCu\u00e9ntame mi bello ni\u00f1o\u201d.<\/p>\n\n\n\n<p>El acto se inici\u00f3 con un saludo del alcalde de Pineda de Mar, Xavier Amor, seguido de una intervenci\u00f3n explicativa del origen del 8 de abril a cargo del presidente de la Asociaci\u00f3n Gitana de Pineda de Mar, Manuel Jim\u00e9nez.<\/p>\n\n\n\n<figure class=\"wp-block-gallery has-nested-images columns-default is-cropped wp-block-gallery-1 is-layout-flex wp-block-gallery-is-layout-flex\">\n<figure class=\"wp-block-image size-large\"><a href=\"https:\/\/raicesandaluzas.com\/revista\/wp-content\/uploads\/2022\/04\/PuebloGitanoPineda04.jpeg\"><img loading=\"lazy\" decoding=\"async\" width=\"1024\" height=\"997\" data-id=\"738\" src=\"https:\/\/raicesandaluzas.com\/revista\/wp-content\/uploads\/2022\/04\/PuebloGitanoPineda04-1024x997.jpeg\" alt=\"\" class=\"wp-image-738\" srcset=\"https:\/\/raicesandaluzas.com\/revista\/wp-content\/uploads\/2022\/04\/PuebloGitanoPineda04-1024x997.jpeg 1024w, https:\/\/raicesandaluzas.com\/revista\/wp-content\/uploads\/2022\/04\/PuebloGitanoPineda04-300x292.jpeg 300w, https:\/\/raicesandaluzas.com\/revista\/wp-content\/uploads\/2022\/04\/PuebloGitanoPineda04-768x748.jpeg 768w, https:\/\/raicesandaluzas.com\/revista\/wp-content\/uploads\/2022\/04\/PuebloGitanoPineda04-696x677.jpeg 696w, https:\/\/raicesandaluzas.com\/revista\/wp-content\/uploads\/2022\/04\/PuebloGitanoPineda04-1068x1040.jpeg 1068w, https:\/\/raicesandaluzas.com\/revista\/wp-content\/uploads\/2022\/04\/PuebloGitanoPineda04-432x420.jpeg 432w, https:\/\/raicesandaluzas.com\/revista\/wp-content\/uploads\/2022\/04\/PuebloGitanoPineda04.jpeg 1200w\" sizes=\"auto, (max-width: 1024px) 100vw, 1024px\" \/><\/a><\/figure>\n\n\n\n<figure class=\"wp-block-image size-large\"><a href=\"https:\/\/raicesandaluzas.com\/revista\/wp-content\/uploads\/2022\/04\/PuebloGitanoPineda03.jpeg\"><img loading=\"lazy\" decoding=\"async\" width=\"983\" height=\"1024\" data-id=\"737\" src=\"https:\/\/raicesandaluzas.com\/revista\/wp-content\/uploads\/2022\/04\/PuebloGitanoPineda03-983x1024.jpeg\" alt=\"\" class=\"wp-image-737\" srcset=\"https:\/\/raicesandaluzas.com\/revista\/wp-content\/uploads\/2022\/04\/PuebloGitanoPineda03-983x1024.jpeg 983w, https:\/\/raicesandaluzas.com\/revista\/wp-content\/uploads\/2022\/04\/PuebloGitanoPineda03-288x300.jpeg 288w, https:\/\/raicesandaluzas.com\/revista\/wp-content\/uploads\/2022\/04\/PuebloGitanoPineda03-768x800.jpeg 768w, https:\/\/raicesandaluzas.com\/revista\/wp-content\/uploads\/2022\/04\/PuebloGitanoPineda03-696x725.jpeg 696w, https:\/\/raicesandaluzas.com\/revista\/wp-content\/uploads\/2022\/04\/PuebloGitanoPineda03-1068x1113.jpeg 1068w, https:\/\/raicesandaluzas.com\/revista\/wp-content\/uploads\/2022\/04\/PuebloGitanoPineda03-403x420.jpeg 403w, https:\/\/raicesandaluzas.com\/revista\/wp-content\/uploads\/2022\/04\/PuebloGitanoPineda03.jpeg 1152w\" sizes=\"auto, (max-width: 983px) 100vw, 983px\" \/><\/a><\/figure>\n\n\n\n<figure class=\"wp-block-image size-large\"><a href=\"https:\/\/raicesandaluzas.com\/revista\/wp-content\/uploads\/2022\/04\/PuebloGitanoPineda02.jpeg\"><img loading=\"lazy\" decoding=\"async\" width=\"1024\" height=\"566\" data-id=\"736\" src=\"https:\/\/raicesandaluzas.com\/revista\/wp-content\/uploads\/2022\/04\/PuebloGitanoPineda02-1024x566.jpeg\" alt=\"\" class=\"wp-image-736\" srcset=\"https:\/\/raicesandaluzas.com\/revista\/wp-content\/uploads\/2022\/04\/PuebloGitanoPineda02-1024x566.jpeg 1024w, https:\/\/raicesandaluzas.com\/revista\/wp-content\/uploads\/2022\/04\/PuebloGitanoPineda02-300x166.jpeg 300w, https:\/\/raicesandaluzas.com\/revista\/wp-content\/uploads\/2022\/04\/PuebloGitanoPineda02-768x424.jpeg 768w, https:\/\/raicesandaluzas.com\/revista\/wp-content\/uploads\/2022\/04\/PuebloGitanoPineda02-696x385.jpeg 696w, https:\/\/raicesandaluzas.com\/revista\/wp-content\/uploads\/2022\/04\/PuebloGitanoPineda02-1068x590.jpeg 1068w, https:\/\/raicesandaluzas.com\/revista\/wp-content\/uploads\/2022\/04\/PuebloGitanoPineda02-760x420.jpeg 760w, https:\/\/raicesandaluzas.com\/revista\/wp-content\/uploads\/2022\/04\/PuebloGitanoPineda02.jpeg 1200w\" sizes=\"auto, (max-width: 1024px) 100vw, 1024px\" \/><\/a><\/figure>\n<\/figure>\n\n\n\n<p>El Jurado y la entrega de premios fue realizada por miembros de las entidades asociadas a la Federaci\u00f3n Intercultural Fedic: Asociaci\u00f3n Gitana de Pineda, Pe\u00f1a Flamenca el Cabrero, Asociaci\u00f3n Cultural La Muekka, Albore\u00e0, y la Tertulia Flamenca de Badalona, entidad que tuvo la gentileza de ofrecer a los ganadores un libro conmemorativo de su 25 Aniversario.<\/p>\n\n\n\n<p>Al acto han asistido 87 personas aficionadas al flamenco y a la poes\u00eda, as\u00ed como representantes de asociaciones y organizaciones sociales, culturales y pol\u00edticas.<\/p>\n\n\n\n<p>La primera celebraci\u00f3n del 8 de abril fue en 1971, en la que particip\u00f3 una delegaci\u00f3n espa\u00f1ola y donde se llegaron a los siguientes acuerdos: solicitar a la ONU el reconocimiento del pueblo gitano; unificar la lengua gitana tomando como base el cal\u00f3\/roman\u00f3; proponer como himno del pueblo gitano el Gelem Gelem; y adoptar por bandera la verde y azul con rueda de carro, que simboliza al gitano itinerante, caminando sobre el verde de los prados y bajo el azul del cielo. A\u00f1os m\u00e1s tarde, en el IV Congreso celebrado en la localidad polaca de Serok se acord\u00f3 proclamar el 8 de abril D\u00eda Internacional del Pueblo Gitano.<\/p>\n","protected":false},"excerpt":{"rendered":"<p>El pasado s\u00e1bado, 9 de abril, la FEDIC (Federaci\u00f3n Educaci\u00f3n y Deporte Interculturas), celebr\u00f3 en Pineda de Mar el D\u00eda Internacional del Pueblo Gitano, que se conmemora cada a\u00f1o el 8 de abril. Y lo hizo con la entrega de premios de su concurso de poes\u00eda \u201cAntonio Machado\u201d. Al concurso de poes\u00eda se han presentado [&hellip;]<\/p>\n","protected":false},"author":1,"featured_media":739,"comment_status":"open","ping_status":"open","sticky":false,"template":"","format":"standard","meta":{"footnotes":""},"categories":[19],"tags":[],"class_list":{"0":"post-735","1":"post","2":"type-post","3":"status-publish","4":"format-standard","5":"has-post-thumbnail","7":"category-actualidad"},"_links":{"self":[{"href":"https:\/\/raicesandaluzas.com\/revista\/wp-json\/wp\/v2\/posts\/735","targetHints":{"allow":["GET"]}}],"collection":[{"href":"https:\/\/raicesandaluzas.com\/revista\/wp-json\/wp\/v2\/posts"}],"about":[{"href":"https:\/\/raicesandaluzas.com\/revista\/wp-json\/wp\/v2\/types\/post"}],"author":[{"embeddable":true,"href":"https:\/\/raicesandaluzas.com\/revista\/wp-json\/wp\/v2\/users\/1"}],"replies":[{"embeddable":true,"href":"https:\/\/raicesandaluzas.com\/revista\/wp-json\/wp\/v2\/comments?post=735"}],"version-history":[{"count":1,"href":"https:\/\/raicesandaluzas.com\/revista\/wp-json\/wp\/v2\/posts\/735\/revisions"}],"predecessor-version":[{"id":740,"href":"https:\/\/raicesandaluzas.com\/revista\/wp-json\/wp\/v2\/posts\/735\/revisions\/740"}],"wp:featuredmedia":[{"embeddable":true,"href":"https:\/\/raicesandaluzas.com\/revista\/wp-json\/wp\/v2\/media\/739"}],"wp:attachment":[{"href":"https:\/\/raicesandaluzas.com\/revista\/wp-json\/wp\/v2\/media?parent=735"}],"wp:term":[{"taxonomy":"category","embeddable":true,"href":"https:\/\/raicesandaluzas.com\/revista\/wp-json\/wp\/v2\/categories?post=735"},{"taxonomy":"post_tag","embeddable":true,"href":"https:\/\/raicesandaluzas.com\/revista\/wp-json\/wp\/v2\/tags?post=735"}],"curies":[{"name":"wp","href":"https:\/\/api.w.org\/{rel}","templated":true}]}}