{"id":729,"date":"2022-04-08T09:03:30","date_gmt":"2022-04-08T09:03:30","guid":{"rendered":"https:\/\/raicesandaluzas.com\/revista\/?p=729"},"modified":"2022-04-08T09:03:31","modified_gmt":"2022-04-08T09:03:31","slug":"la-feria-de-abril-regresa-a-virgen-de-gracia","status":"publish","type":"post","link":"https:\/\/raicesandaluzas.com\/revista\/2022\/04\/08\/la-feria-de-abril-regresa-a-virgen-de-gracia\/","title":{"rendered":"La Feria de Abril regresa a Virgen de Gracia"},"content":{"rendered":"\n<p>El Centro Cultural Andaluz HR Virgen de Gracia en Sabadell vuelve a celebrar, tras dos a\u00f1os de par\u00f3n por la pandemia, su tradicional Feria de Abril. Ser\u00e1 el d\u00eda de Sant Jordi, el s\u00e1bado, 23 de abril, a partir de las 21 horas en su local de la calle Florit, 25, de Sabadell. El precio de la entrada es de 5 euros, con derecho a una consumici\u00f3n. Se podr\u00e1 llevar cada uno su cena si lo desea, pero la bebida debe ser del centro. <\/p>\n","protected":false},"excerpt":{"rendered":"<p>El Centro Cultural Andaluz HR Virgen de Gracia en Sabadell vuelve a celebrar, tras dos a\u00f1os de par\u00f3n por la pandemia, su tradicional Feria de Abril. Ser\u00e1 el d\u00eda de Sant Jordi, el s\u00e1bado, 23 de abril, a partir de las 21 horas en su local de la calle Florit, 25, de Sabadell. El precio [&hellip;]<\/p>\n","protected":false},"author":1,"featured_media":730,"comment_status":"open","ping_status":"open","sticky":false,"template":"","format":"standard","meta":{"footnotes":""},"categories":[19],"tags":[],"class_list":{"0":"post-729","1":"post","2":"type-post","3":"status-publish","4":"format-standard","5":"has-post-thumbnail","7":"category-actualidad"},"_links":{"self":[{"href":"https:\/\/raicesandaluzas.com\/revista\/wp-json\/wp\/v2\/posts\/729","targetHints":{"allow":["GET"]}}],"collection":[{"href":"https:\/\/raicesandaluzas.com\/revista\/wp-json\/wp\/v2\/posts"}],"about":[{"href":"https:\/\/raicesandaluzas.com\/revista\/wp-json\/wp\/v2\/types\/post"}],"author":[{"embeddable":true,"href":"https:\/\/raicesandaluzas.com\/revista\/wp-json\/wp\/v2\/users\/1"}],"replies":[{"embeddable":true,"href":"https:\/\/raicesandaluzas.com\/revista\/wp-json\/wp\/v2\/comments?post=729"}],"version-history":[{"count":1,"href":"https:\/\/raicesandaluzas.com\/revista\/wp-json\/wp\/v2\/posts\/729\/revisions"}],"predecessor-version":[{"id":731,"href":"https:\/\/raicesandaluzas.com\/revista\/wp-json\/wp\/v2\/posts\/729\/revisions\/731"}],"wp:featuredmedia":[{"embeddable":true,"href":"https:\/\/raicesandaluzas.com\/revista\/wp-json\/wp\/v2\/media\/730"}],"wp:attachment":[{"href":"https:\/\/raicesandaluzas.com\/revista\/wp-json\/wp\/v2\/media?parent=729"}],"wp:term":[{"taxonomy":"category","embeddable":true,"href":"https:\/\/raicesandaluzas.com\/revista\/wp-json\/wp\/v2\/categories?post=729"},{"taxonomy":"post_tag","embeddable":true,"href":"https:\/\/raicesandaluzas.com\/revista\/wp-json\/wp\/v2\/tags?post=729"}],"curies":[{"name":"wp","href":"https:\/\/api.w.org\/{rel}","templated":true}]}}