{"id":645,"date":"2022-03-07T11:08:00","date_gmt":"2022-03-07T11:08:00","guid":{"rendered":"http:\/\/raicesandaluzas.com\/revista\/?p=645"},"modified":"2022-03-08T11:12:27","modified_gmt":"2022-03-08T11:12:27","slug":"la-lluvia-no-enturbia-la-celebracion-del-dia-de-andalucia-de-la-casa-de-sevilla-en-sant-boi","status":"publish","type":"post","link":"https:\/\/raicesandaluzas.com\/revista\/2022\/03\/07\/la-lluvia-no-enturbia-la-celebracion-del-dia-de-andalucia-de-la-casa-de-sevilla-en-sant-boi\/","title":{"rendered":"La lluvia no enturbia la celebraci\u00f3n del D\u00eda de Andaluc\u00eda de la Casa de Sevilla en Sant Boi"},"content":{"rendered":"\n<p>Este pasado domingo, 6 de marzo, se levant\u00f3 nuboso y con lluvia, pero eso no impidi\u00f3 a los miembros de la Casa de Sevilla en Sant Boi poder celebrar el D\u00eda de Andaluc\u00eda tal y como estaba previsto. Retros\u00f3 algunos actos, como la misa rociera, y anul\u00f3 la actuaci\u00f3n de la Escuela de Baile Flamenco del centro. Lo que no anul\u00f3, y los presentes lo agradecieron, fueron las migas populares cuyos tickets volaron.<\/p>\n\n\n\n<p>La Casa de Sevilla en Sant Boi trabaja ya para la celebraci\u00f3n de la Cruz de Mayo. <\/p>\n\n\n\n<figure class=\"wp-block-gallery has-nested-images columns-default is-cropped wp-block-gallery-1 is-layout-flex wp-block-gallery-is-layout-flex\">\n<figure class=\"wp-block-image size-large\"><a href=\"https:\/\/raicesandaluzas.com\/revista\/wp-content\/uploads\/2022\/03\/DiaAndaluciaSantBoi02.jpg\"><img loading=\"lazy\" decoding=\"async\" width=\"1024\" height=\"768\" data-id=\"646\" src=\"https:\/\/raicesandaluzas.com\/revista\/wp-content\/uploads\/2022\/03\/DiaAndaluciaSantBoi02-1024x768.jpg\" alt=\"\" class=\"wp-image-646\" srcset=\"https:\/\/raicesandaluzas.com\/revista\/wp-content\/uploads\/2022\/03\/DiaAndaluciaSantBoi02-1024x768.jpg 1024w, https:\/\/raicesandaluzas.com\/revista\/wp-content\/uploads\/2022\/03\/DiaAndaluciaSantBoi02-300x225.jpg 300w, https:\/\/raicesandaluzas.com\/revista\/wp-content\/uploads\/2022\/03\/DiaAndaluciaSantBoi02-768x576.jpg 768w, https:\/\/raicesandaluzas.com\/revista\/wp-content\/uploads\/2022\/03\/DiaAndaluciaSantBoi02-696x522.jpg 696w, https:\/\/raicesandaluzas.com\/revista\/wp-content\/uploads\/2022\/03\/DiaAndaluciaSantBoi02-1068x801.jpg 1068w, https:\/\/raicesandaluzas.com\/revista\/wp-content\/uploads\/2022\/03\/DiaAndaluciaSantBoi02-560x420.jpg 560w, https:\/\/raicesandaluzas.com\/revista\/wp-content\/uploads\/2022\/03\/DiaAndaluciaSantBoi02-80x60.jpg 80w, https:\/\/raicesandaluzas.com\/revista\/wp-content\/uploads\/2022\/03\/DiaAndaluciaSantBoi02-265x198.jpg 265w, https:\/\/raicesandaluzas.com\/revista\/wp-content\/uploads\/2022\/03\/DiaAndaluciaSantBoi02.jpg 1200w\" sizes=\"auto, (max-width: 1024px) 100vw, 1024px\" \/><\/a><\/figure>\n\n\n\n<figure class=\"wp-block-image size-large\"><a href=\"https:\/\/raicesandaluzas.com\/revista\/wp-content\/uploads\/2022\/03\/DiaAndaluciaSantBoi03.jpg\"><img loading=\"lazy\" decoding=\"async\" width=\"1024\" height=\"768\" data-id=\"647\" src=\"https:\/\/raicesandaluzas.com\/revista\/wp-content\/uploads\/2022\/03\/DiaAndaluciaSantBoi03-1024x768.jpg\" alt=\"\" class=\"wp-image-647\" srcset=\"https:\/\/raicesandaluzas.com\/revista\/wp-content\/uploads\/2022\/03\/DiaAndaluciaSantBoi03-1024x768.jpg 1024w, https:\/\/raicesandaluzas.com\/revista\/wp-content\/uploads\/2022\/03\/DiaAndaluciaSantBoi03-300x225.jpg 300w, https:\/\/raicesandaluzas.com\/revista\/wp-content\/uploads\/2022\/03\/DiaAndaluciaSantBoi03-768x576.jpg 768w, https:\/\/raicesandaluzas.com\/revista\/wp-content\/uploads\/2022\/03\/DiaAndaluciaSantBoi03-696x522.jpg 696w, https:\/\/raicesandaluzas.com\/revista\/wp-content\/uploads\/2022\/03\/DiaAndaluciaSantBoi03-1068x801.jpg 1068w, https:\/\/raicesandaluzas.com\/revista\/wp-content\/uploads\/2022\/03\/DiaAndaluciaSantBoi03-560x420.jpg 560w, https:\/\/raicesandaluzas.com\/revista\/wp-content\/uploads\/2022\/03\/DiaAndaluciaSantBoi03-80x60.jpg 80w, https:\/\/raicesandaluzas.com\/revista\/wp-content\/uploads\/2022\/03\/DiaAndaluciaSantBoi03-265x198.jpg 265w, https:\/\/raicesandaluzas.com\/revista\/wp-content\/uploads\/2022\/03\/DiaAndaluciaSantBoi03.jpg 1200w\" sizes=\"auto, (max-width: 1024px) 100vw, 1024px\" \/><\/a><\/figure>\n<\/figure>\n","protected":false},"excerpt":{"rendered":"<p>Este pasado domingo, 6 de marzo, se levant\u00f3 nuboso y con lluvia, pero eso no impidi\u00f3 a los miembros de la Casa de Sevilla en Sant Boi poder celebrar el D\u00eda de Andaluc\u00eda tal y como estaba previsto. Retros\u00f3 algunos actos, como la misa rociera, y anul\u00f3 la actuaci\u00f3n de la Escuela de Baile Flamenco [&hellip;]<\/p>\n","protected":false},"author":1,"featured_media":648,"comment_status":"open","ping_status":"open","sticky":false,"template":"","format":"standard","meta":{"footnotes":""},"categories":[19],"tags":[],"class_list":{"0":"post-645","1":"post","2":"type-post","3":"status-publish","4":"format-standard","5":"has-post-thumbnail","7":"category-actualidad"},"_links":{"self":[{"href":"https:\/\/raicesandaluzas.com\/revista\/wp-json\/wp\/v2\/posts\/645","targetHints":{"allow":["GET"]}}],"collection":[{"href":"https:\/\/raicesandaluzas.com\/revista\/wp-json\/wp\/v2\/posts"}],"about":[{"href":"https:\/\/raicesandaluzas.com\/revista\/wp-json\/wp\/v2\/types\/post"}],"author":[{"embeddable":true,"href":"https:\/\/raicesandaluzas.com\/revista\/wp-json\/wp\/v2\/users\/1"}],"replies":[{"embeddable":true,"href":"https:\/\/raicesandaluzas.com\/revista\/wp-json\/wp\/v2\/comments?post=645"}],"version-history":[{"count":1,"href":"https:\/\/raicesandaluzas.com\/revista\/wp-json\/wp\/v2\/posts\/645\/revisions"}],"predecessor-version":[{"id":649,"href":"https:\/\/raicesandaluzas.com\/revista\/wp-json\/wp\/v2\/posts\/645\/revisions\/649"}],"wp:featuredmedia":[{"embeddable":true,"href":"https:\/\/raicesandaluzas.com\/revista\/wp-json\/wp\/v2\/media\/648"}],"wp:attachment":[{"href":"https:\/\/raicesandaluzas.com\/revista\/wp-json\/wp\/v2\/media?parent=645"}],"wp:term":[{"taxonomy":"category","embeddable":true,"href":"https:\/\/raicesandaluzas.com\/revista\/wp-json\/wp\/v2\/categories?post=645"},{"taxonomy":"post_tag","embeddable":true,"href":"https:\/\/raicesandaluzas.com\/revista\/wp-json\/wp\/v2\/tags?post=645"}],"curies":[{"name":"wp","href":"https:\/\/api.w.org\/{rel}","templated":true}]}}