{"id":642,"date":"2022-03-08T10:38:37","date_gmt":"2022-03-08T10:38:37","guid":{"rendered":"http:\/\/raicesandaluzas.com\/revista\/?p=642"},"modified":"2022-03-08T10:39:03","modified_gmt":"2022-03-08T10:39:03","slug":"la-tertulia-flamenca-de-badalona-renueva-su-junta-y-celebra-su-38-aniversario","status":"publish","type":"post","link":"https:\/\/raicesandaluzas.com\/revista\/2022\/03\/08\/la-tertulia-flamenca-de-badalona-renueva-su-junta-y-celebra-su-38-aniversario\/","title":{"rendered":"La Tertulia Flamenca de Badalona renueva su junta y celebra su 38 aniversario"},"content":{"rendered":"\n<p>Juan Antonio Canillas es el nuevo presidente de la Tertulia Flamenca de Badalona tras la asamblea general celebrada recientemente, dando relevo a Jos\u00e9 Mayo, una de las personas clave del desarrollo del flamenco en tierras catalanas. La nueva junta, que est\u00e1 constituida tambi\u00e9n por Juan Jos\u00e9 Delgado, Manuel Alfambra, Jordi Correa Ana Mar\u00eda Esteban, Alejandro Silverio, Josefa L\u00f3pez, Faust Grang\u00e9 y Manuel Armentero, tiene como objetivo seguir fomentando el estudio de la cultura flamenca, trabajar por su difusi\u00f3n, y crear un lugar donde los buenos aficionados puedan desarrollar sus cualidades interpretativas y creativas. As\u00ed como rejuvenecer la tertulia, ya que la media de edad de los socios y socias de la tertulia es de 65,4 a\u00f1os. <\/p>\n\n\n\n<p>El objetivo es seguir desarrollando sus actividades tradicionales como las Jornadas de Valores Flamencos, la Muestra Flamenca de Badalona, y la escuela de cante y guitarra, que se desarrolla los martes de 18 a 20 horas, y las conferencias flamencas de los viernes (18-21 horas). El primero de los actos ser\u00e1 este pr\u00f3ximo viernes, 11 de marzo, con la conmemoraci\u00f3n del 38 aniversario de la Tertulia Flamenca de Badalona y la celebraci\u00f3n del D\u00eda de Andaluc\u00eda. El acto, que comenzar\u00e1 a las 19 horas en la sala de actos de la Escuela Joan Maragall (c\/ Guifr\u00e9, 300, Badalona), contar\u00e1 con las actuaciones del guitarrista Alberto Fern\u00e1ndez y el cantaor Jos\u00e9 Antonio Mart\u00edn \u00abSalao\u00bb. <\/p>\n","protected":false},"excerpt":{"rendered":"<p>Juan Antonio Canillas es el nuevo presidente de la Tertulia Flamenca de Badalona tras la asamblea general celebrada recientemente, dando relevo a Jos\u00e9 Mayo, una de las personas clave del desarrollo del flamenco en tierras catalanas. La nueva junta, que est\u00e1 constituida tambi\u00e9n por Juan Jos\u00e9 Delgado, Manuel Alfambra, Jordi Correa Ana Mar\u00eda Esteban, Alejandro [&hellip;]<\/p>\n","protected":false},"author":1,"featured_media":643,"comment_status":"open","ping_status":"open","sticky":false,"template":"","format":"standard","meta":{"footnotes":""},"categories":[19,22],"tags":[],"class_list":{"0":"post-642","1":"post","2":"type-post","3":"status-publish","4":"format-standard","5":"has-post-thumbnail","7":"category-actualidad","8":"category-flamenco"},"_links":{"self":[{"href":"https:\/\/raicesandaluzas.com\/revista\/wp-json\/wp\/v2\/posts\/642","targetHints":{"allow":["GET"]}}],"collection":[{"href":"https:\/\/raicesandaluzas.com\/revista\/wp-json\/wp\/v2\/posts"}],"about":[{"href":"https:\/\/raicesandaluzas.com\/revista\/wp-json\/wp\/v2\/types\/post"}],"author":[{"embeddable":true,"href":"https:\/\/raicesandaluzas.com\/revista\/wp-json\/wp\/v2\/users\/1"}],"replies":[{"embeddable":true,"href":"https:\/\/raicesandaluzas.com\/revista\/wp-json\/wp\/v2\/comments?post=642"}],"version-history":[{"count":1,"href":"https:\/\/raicesandaluzas.com\/revista\/wp-json\/wp\/v2\/posts\/642\/revisions"}],"predecessor-version":[{"id":644,"href":"https:\/\/raicesandaluzas.com\/revista\/wp-json\/wp\/v2\/posts\/642\/revisions\/644"}],"wp:featuredmedia":[{"embeddable":true,"href":"https:\/\/raicesandaluzas.com\/revista\/wp-json\/wp\/v2\/media\/643"}],"wp:attachment":[{"href":"https:\/\/raicesandaluzas.com\/revista\/wp-json\/wp\/v2\/media?parent=642"}],"wp:term":[{"taxonomy":"category","embeddable":true,"href":"https:\/\/raicesandaluzas.com\/revista\/wp-json\/wp\/v2\/categories?post=642"},{"taxonomy":"post_tag","embeddable":true,"href":"https:\/\/raicesandaluzas.com\/revista\/wp-json\/wp\/v2\/tags?post=642"}],"curies":[{"name":"wp","href":"https:\/\/api.w.org\/{rel}","templated":true}]}}