{"id":638,"date":"2022-02-22T11:12:48","date_gmt":"2022-02-22T11:12:48","guid":{"rendered":"http:\/\/raicesandaluzas.com\/revista\/?p=638"},"modified":"2022-02-22T11:12:49","modified_gmt":"2022-02-22T11:12:49","slug":"mayte-martin-sera-la-protagonista-de-la-celebracion-del-dia-de-andalucia-en-badalona","status":"publish","type":"post","link":"https:\/\/raicesandaluzas.com\/revista\/2022\/02\/22\/mayte-martin-sera-la-protagonista-de-la-celebracion-del-dia-de-andalucia-en-badalona\/","title":{"rendered":"Mayte Mart\u00edn ser\u00e1 la protagonista de la celebraci\u00f3n del D\u00eda de Andaluc\u00eda en Badalona"},"content":{"rendered":"\n<p>El Teatre Margarida Xirgu de Badalona (C\/ Francesc Layret, 41) acoger\u00e1 el pr\u00f3ximo domingo, 27 de febrero, la celebraci\u00f3n del D\u00eda de Andaluc\u00eda que organiza el Ayuntamiento de la ciudad. El acto institucional tendr\u00e1 lugar a las 19 horas, con la actuaci\u00f3n de la cantaora flamenca catalana Mayte Mart\u00edn, y la presencia del alcalde badalon\u00e9s, Rub\u00e9n Guijarro, y la concejal de Cultura y Movilidad Anna maria Lara. Previamente, a las 18.15 horas, se izar\u00e1 la bandera andaluza en la plaza de la Vila. La entrada al acto ser\u00e1 gratuita. <\/p>\n","protected":false},"excerpt":{"rendered":"<p>El Teatre Margarida Xirgu de Badalona (C\/ Francesc Layret, 41) acoger\u00e1 el pr\u00f3ximo domingo, 27 de febrero, la celebraci\u00f3n del D\u00eda de Andaluc\u00eda que organiza el Ayuntamiento de la ciudad. El acto institucional tendr\u00e1 lugar a las 19 horas, con la actuaci\u00f3n de la cantaora flamenca catalana Mayte Mart\u00edn, y la presencia del alcalde badalon\u00e9s, [&hellip;]<\/p>\n","protected":false},"author":1,"featured_media":639,"comment_status":"open","ping_status":"open","sticky":false,"template":"","format":"standard","meta":{"footnotes":""},"categories":[19],"tags":[],"class_list":{"0":"post-638","1":"post","2":"type-post","3":"status-publish","4":"format-standard","5":"has-post-thumbnail","7":"category-actualidad"},"_links":{"self":[{"href":"https:\/\/raicesandaluzas.com\/revista\/wp-json\/wp\/v2\/posts\/638","targetHints":{"allow":["GET"]}}],"collection":[{"href":"https:\/\/raicesandaluzas.com\/revista\/wp-json\/wp\/v2\/posts"}],"about":[{"href":"https:\/\/raicesandaluzas.com\/revista\/wp-json\/wp\/v2\/types\/post"}],"author":[{"embeddable":true,"href":"https:\/\/raicesandaluzas.com\/revista\/wp-json\/wp\/v2\/users\/1"}],"replies":[{"embeddable":true,"href":"https:\/\/raicesandaluzas.com\/revista\/wp-json\/wp\/v2\/comments?post=638"}],"version-history":[{"count":1,"href":"https:\/\/raicesandaluzas.com\/revista\/wp-json\/wp\/v2\/posts\/638\/revisions"}],"predecessor-version":[{"id":640,"href":"https:\/\/raicesandaluzas.com\/revista\/wp-json\/wp\/v2\/posts\/638\/revisions\/640"}],"wp:featuredmedia":[{"embeddable":true,"href":"https:\/\/raicesandaluzas.com\/revista\/wp-json\/wp\/v2\/media\/639"}],"wp:attachment":[{"href":"https:\/\/raicesandaluzas.com\/revista\/wp-json\/wp\/v2\/media?parent=638"}],"wp:term":[{"taxonomy":"category","embeddable":true,"href":"https:\/\/raicesandaluzas.com\/revista\/wp-json\/wp\/v2\/categories?post=638"},{"taxonomy":"post_tag","embeddable":true,"href":"https:\/\/raicesandaluzas.com\/revista\/wp-json\/wp\/v2\/tags?post=638"}],"curies":[{"name":"wp","href":"https:\/\/api.w.org\/{rel}","templated":true}]}}