{"id":635,"date":"2022-02-22T11:07:48","date_gmt":"2022-02-22T11:07:48","guid":{"rendered":"http:\/\/raicesandaluzas.com\/revista\/?p=635"},"modified":"2022-02-22T11:07:49","modified_gmt":"2022-02-22T11:07:49","slug":"el-centro-cultural-andaluz-de-mollet-se-vuelca-con-la-celebracion-del-dia-de-andalucia","status":"publish","type":"post","link":"https:\/\/raicesandaluzas.com\/revista\/2022\/02\/22\/el-centro-cultural-andaluz-de-mollet-se-vuelca-con-la-celebracion-del-dia-de-andalucia\/","title":{"rendered":"El Centro Cultural Andaluz de Mollet se vuelca con la celebraci\u00f3n del D\u00eda de Andaluc\u00eda"},"content":{"rendered":"\n<p>La pandemia de Covid19 nos ha dejado dos a\u00f1os faltos de acontecimientos y celebraciones, que poco a poco van recuperando el pulso. El Centro Cultural Andaluz de Mollet tiene todo preparado para el fin de semana del 5 y 6 de marzo poder rendir homenaje a Andaluc\u00eda y su bandera. Los actos se dividir\u00e1n en dos d\u00edas. El primero, el s\u00e1bado d\u00eda 5, el Teatro de Can Gom\u00e0 acoger\u00e1 desde las 19 horas una sesi\u00f3n de actuaciones de los cuatros de baile de la entidad (Triana, Arte y Comp\u00e1s, Semillas Flamencas) y de su coro rociero Amigos del Roc\u00edo. Adem\u00e1s, se contar\u00e1 con la actuaci\u00f3n de los artistas invitados Javier Gines y Desaf\u00edo flamenco. <\/p>\n\n\n\n<p>Al d\u00eda siguiente, las celebraciones comenzar\u00e1n a las 10.30 horas en la Iglesia de Sant Vicen\u00e7 con la misa rociera por el D\u00eda de Andaluc\u00eda, tras la cual tendr\u00e1 lugar un pasacalles hasta la plaza Prat de la Riba con la bandera andaluza donde ser\u00e1 izada. De ah\u00ed, otro pasacalles conducir\u00e1 a los presentes hasta la plaza de Andaluc\u00eda, donde tendr\u00e1 lugar una ofrenda floral. Finalmente, el Teatro de Can Gom\u00e0 ser\u00e1 el lugar donde se pondr\u00e1 punto y final a la celebraci\u00f3n con un brindis de honor.  <\/p>\n","protected":false},"excerpt":{"rendered":"<p>La pandemia de Covid19 nos ha dejado dos a\u00f1os faltos de acontecimientos y celebraciones, que poco a poco van recuperando el pulso. El Centro Cultural Andaluz de Mollet tiene todo preparado para el fin de semana del 5 y 6 de marzo poder rendir homenaje a Andaluc\u00eda y su bandera. Los actos se dividir\u00e1n en [&hellip;]<\/p>\n","protected":false},"author":1,"featured_media":636,"comment_status":"open","ping_status":"open","sticky":false,"template":"","format":"standard","meta":{"footnotes":""},"categories":[19],"tags":[],"class_list":{"0":"post-635","1":"post","2":"type-post","3":"status-publish","4":"format-standard","5":"has-post-thumbnail","7":"category-actualidad"},"_links":{"self":[{"href":"https:\/\/raicesandaluzas.com\/revista\/wp-json\/wp\/v2\/posts\/635","targetHints":{"allow":["GET"]}}],"collection":[{"href":"https:\/\/raicesandaluzas.com\/revista\/wp-json\/wp\/v2\/posts"}],"about":[{"href":"https:\/\/raicesandaluzas.com\/revista\/wp-json\/wp\/v2\/types\/post"}],"author":[{"embeddable":true,"href":"https:\/\/raicesandaluzas.com\/revista\/wp-json\/wp\/v2\/users\/1"}],"replies":[{"embeddable":true,"href":"https:\/\/raicesandaluzas.com\/revista\/wp-json\/wp\/v2\/comments?post=635"}],"version-history":[{"count":1,"href":"https:\/\/raicesandaluzas.com\/revista\/wp-json\/wp\/v2\/posts\/635\/revisions"}],"predecessor-version":[{"id":637,"href":"https:\/\/raicesandaluzas.com\/revista\/wp-json\/wp\/v2\/posts\/635\/revisions\/637"}],"wp:featuredmedia":[{"embeddable":true,"href":"https:\/\/raicesandaluzas.com\/revista\/wp-json\/wp\/v2\/media\/636"}],"wp:attachment":[{"href":"https:\/\/raicesandaluzas.com\/revista\/wp-json\/wp\/v2\/media?parent=635"}],"wp:term":[{"taxonomy":"category","embeddable":true,"href":"https:\/\/raicesandaluzas.com\/revista\/wp-json\/wp\/v2\/categories?post=635"},{"taxonomy":"post_tag","embeddable":true,"href":"https:\/\/raicesandaluzas.com\/revista\/wp-json\/wp\/v2\/tags?post=635"}],"curies":[{"name":"wp","href":"https:\/\/api.w.org\/{rel}","templated":true}]}}