{"id":632,"date":"2022-02-22T10:59:33","date_gmt":"2022-02-22T10:59:33","guid":{"rendered":"http:\/\/raicesandaluzas.com\/revista\/?p=632"},"modified":"2022-02-22T10:59:34","modified_gmt":"2022-02-22T10:59:34","slug":"la-casa-de-sevilla-en-sant-boi-celebra-dos-anos-despues-el-dia-de-andalucia","status":"publish","type":"post","link":"https:\/\/raicesandaluzas.com\/revista\/2022\/02\/22\/la-casa-de-sevilla-en-sant-boi-celebra-dos-anos-despues-el-dia-de-andalucia\/","title":{"rendered":"La Casa de Sevilla en Sant Boi celebra dos a\u00f1os despu\u00e9s el D\u00eda de Andaluc\u00eda"},"content":{"rendered":"\n<p>Dos a\u00f1os son muy largos, y despu\u00e9s de estos dos \u00faltimos devastadores por la pandemia de la Covid19 en los que no se han podido celebrar muchos eventos, la Casa de Sevilla en Sant Boi por fin podr\u00e1 este marzo volver a convocar a socios y simpatizantes y conmemorar el D\u00eda de Andaluc\u00eda entre todos. El d\u00eda ser\u00e1 el domingo, 6 de marzo, y las actividades comenzar\u00e1n a las 11.30 horas, con la inauguraci\u00f3n de la fiesta en la Pla\u00e7a Teresa Vall i Div\u00ed (Las Pir\u00e1mides) en el barrio de Marianao. A las 12 horas dar\u00e1 comienzo la misa rociera cantada por el Coro rociero \u00abRa\u00edces\u00bb y oficiada por el P. Esteve. A las 13 horas tendr\u00e1 lugar la actuaci\u00f3n de la Escuela de Baile Flamenco de la Casa de Sevilla, dirigida por David Coronel. Y a las 14 horas, todos los presentes podr\u00e1n degustar un plato de las tradicionales Migas Populares. El ticket, que tendr\u00e1 un precio de 5 euros, podr\u00e1 adquirise en la sede de la Casa de Sevilla en Sant Boi (c\/ Riera Gassulla, 14) de lunes a s\u00e1bado.   <\/p>\n","protected":false},"excerpt":{"rendered":"<p>Dos a\u00f1os son muy largos, y despu\u00e9s de estos dos \u00faltimos devastadores por la pandemia de la Covid19 en los que no se han podido celebrar muchos eventos, la Casa de Sevilla en Sant Boi por fin podr\u00e1 este marzo volver a convocar a socios y simpatizantes y conmemorar el D\u00eda de Andaluc\u00eda entre todos. [&hellip;]<\/p>\n","protected":false},"author":1,"featured_media":633,"comment_status":"open","ping_status":"open","sticky":false,"template":"","format":"standard","meta":{"footnotes":""},"categories":[19],"tags":[],"class_list":{"0":"post-632","1":"post","2":"type-post","3":"status-publish","4":"format-standard","5":"has-post-thumbnail","7":"category-actualidad"},"_links":{"self":[{"href":"https:\/\/raicesandaluzas.com\/revista\/wp-json\/wp\/v2\/posts\/632","targetHints":{"allow":["GET"]}}],"collection":[{"href":"https:\/\/raicesandaluzas.com\/revista\/wp-json\/wp\/v2\/posts"}],"about":[{"href":"https:\/\/raicesandaluzas.com\/revista\/wp-json\/wp\/v2\/types\/post"}],"author":[{"embeddable":true,"href":"https:\/\/raicesandaluzas.com\/revista\/wp-json\/wp\/v2\/users\/1"}],"replies":[{"embeddable":true,"href":"https:\/\/raicesandaluzas.com\/revista\/wp-json\/wp\/v2\/comments?post=632"}],"version-history":[{"count":1,"href":"https:\/\/raicesandaluzas.com\/revista\/wp-json\/wp\/v2\/posts\/632\/revisions"}],"predecessor-version":[{"id":634,"href":"https:\/\/raicesandaluzas.com\/revista\/wp-json\/wp\/v2\/posts\/632\/revisions\/634"}],"wp:featuredmedia":[{"embeddable":true,"href":"https:\/\/raicesandaluzas.com\/revista\/wp-json\/wp\/v2\/media\/633"}],"wp:attachment":[{"href":"https:\/\/raicesandaluzas.com\/revista\/wp-json\/wp\/v2\/media?parent=632"}],"wp:term":[{"taxonomy":"category","embeddable":true,"href":"https:\/\/raicesandaluzas.com\/revista\/wp-json\/wp\/v2\/categories?post=632"},{"taxonomy":"post_tag","embeddable":true,"href":"https:\/\/raicesandaluzas.com\/revista\/wp-json\/wp\/v2\/tags?post=632"}],"curies":[{"name":"wp","href":"https:\/\/api.w.org\/{rel}","templated":true}]}}