{"id":627,"date":"2022-02-21T10:19:52","date_gmt":"2022-02-21T10:19:52","guid":{"rendered":"http:\/\/raicesandaluzas.com\/revista\/?p=627"},"modified":"2022-02-21T10:19:53","modified_gmt":"2022-02-21T10:19:53","slug":"fecac-aprecia-gran-interes-de-las-entidades-por-participar-activamente-en-la-feria-de-abril-postpandemia","status":"publish","type":"post","link":"https:\/\/raicesandaluzas.com\/revista\/2022\/02\/21\/fecac-aprecia-gran-interes-de-las-entidades-por-participar-activamente-en-la-feria-de-abril-postpandemia\/","title":{"rendered":"FECAC aprecia gran inter\u00e9s de las entidades por participar activamente en la Feria de Abril postpandemia"},"content":{"rendered":"\n<p>La Federaci\u00f3n de Entidades Culturales Andaluzas en Catalu\u00f1a (FECAC) ha aprovechado el Seminario celebrado este fin de semana en Calella para invitar a sus entidades asociadas a implicarse el m\u00e1ximo en la pr\u00f3xima Feria de Abril de Catalunya, que tendr\u00e1 lugar en el Parc del F\u00f2rum del 22 de abril al 1 de mayo. La respuesta que est\u00e1 recibiendo la Federaci\u00f3n es de un gran inter\u00e9s de las entidades por estar presentes, a ser posible montando carpas propias, despu\u00e9s de que la pandemia obligara a suspender las dos \u00faltimas ediciones.<\/p>\n\n\n\n<p>La jornada final ha resumido las conclusiones de las cuatro ponencias celebradas el s\u00e1bado en materia de Roc\u00edo, flamenco, entidades y juventud.&nbsp; Aparte del debate abierto sobre las prioridades de la Federaci\u00f3n, evaluar su plan de actuaci\u00f3n y conocer propuestas para la mejora de la gesti\u00f3n asociativa y otros temas de inter\u00e9s de las entidades asociadas, el Seminario ha tenido dos conferenciantes de lujo. Por un lado, V\u00edctor Francos, secretario general de Cultura del gobierno espa\u00f1ol, quien repas\u00f3 su experiencia como jefe de gabinete del ministro de Sanidad en los meses iniciales de la pandemia. Aprovech\u00f3 su intervenci\u00f3n para valorar los pasos positivos dados por la sociedad espa\u00f1ola para superar la crisis sanitaria, social y econ\u00f3mica. El otro conferenciante ha sido el <em>coach<\/em> Emilio Dur\u00f3, experto en motivaci\u00f3n y en potenciar el desarrollo personal en el trabajo, quien ha aportado argumentos para la autoestima, la satisfacci\u00f3n vital y la interacci\u00f3n grupal.<\/p>\n\n\n\n<p>En la clausura han intervenido el alcalde de Pineda de Mar, Xavier Amor, quien ha valorado el acompa\u00f1amiento de las entidades a las personas que han vivido con dificultades la soledad de la pandemia, y el presidente de la FECAC, Daniel Salinero, quien ha advertido de que \u201cestamos saliendo de una situaci\u00f3n de cat\u00e1strofe sanitaria, pero tambi\u00e9n cultural\u201d.<\/p>\n\n\n\n<figure class=\"wp-block-gallery has-nested-images columns-default is-cropped wp-block-gallery-1 is-layout-flex wp-block-gallery-is-layout-flex\">\n<figure class=\"wp-block-image size-large\"><a href=\"https:\/\/raicesandaluzas.com\/revista\/wp-content\/uploads\/2022\/02\/seminarioFECAC2022_02.jpg\"><img loading=\"lazy\" decoding=\"async\" width=\"1024\" height=\"768\" data-id=\"628\" src=\"https:\/\/raicesandaluzas.com\/revista\/wp-content\/uploads\/2022\/02\/seminarioFECAC2022_02-1024x768.jpg\" alt=\"\" class=\"wp-image-628\" srcset=\"https:\/\/raicesandaluzas.com\/revista\/wp-content\/uploads\/2022\/02\/seminarioFECAC2022_02-1024x768.jpg 1024w, https:\/\/raicesandaluzas.com\/revista\/wp-content\/uploads\/2022\/02\/seminarioFECAC2022_02-300x225.jpg 300w, https:\/\/raicesandaluzas.com\/revista\/wp-content\/uploads\/2022\/02\/seminarioFECAC2022_02-768x576.jpg 768w, https:\/\/raicesandaluzas.com\/revista\/wp-content\/uploads\/2022\/02\/seminarioFECAC2022_02-696x522.jpg 696w, https:\/\/raicesandaluzas.com\/revista\/wp-content\/uploads\/2022\/02\/seminarioFECAC2022_02-1068x801.jpg 1068w, https:\/\/raicesandaluzas.com\/revista\/wp-content\/uploads\/2022\/02\/seminarioFECAC2022_02-560x420.jpg 560w, https:\/\/raicesandaluzas.com\/revista\/wp-content\/uploads\/2022\/02\/seminarioFECAC2022_02-80x60.jpg 80w, https:\/\/raicesandaluzas.com\/revista\/wp-content\/uploads\/2022\/02\/seminarioFECAC2022_02-265x198.jpg 265w, https:\/\/raicesandaluzas.com\/revista\/wp-content\/uploads\/2022\/02\/seminarioFECAC2022_02.jpg 1200w\" sizes=\"auto, (max-width: 1024px) 100vw, 1024px\" \/><\/a><\/figure>\n\n\n\n<figure class=\"wp-block-image size-large\"><a href=\"https:\/\/raicesandaluzas.com\/revista\/wp-content\/uploads\/2022\/02\/seminarioFECAC2022_03.jpg\"><img loading=\"lazy\" decoding=\"async\" width=\"1024\" height=\"521\" data-id=\"629\" src=\"https:\/\/raicesandaluzas.com\/revista\/wp-content\/uploads\/2022\/02\/seminarioFECAC2022_03-1024x521.jpg\" alt=\"\" class=\"wp-image-629\" srcset=\"https:\/\/raicesandaluzas.com\/revista\/wp-content\/uploads\/2022\/02\/seminarioFECAC2022_03-1024x521.jpg 1024w, https:\/\/raicesandaluzas.com\/revista\/wp-content\/uploads\/2022\/02\/seminarioFECAC2022_03-300x153.jpg 300w, https:\/\/raicesandaluzas.com\/revista\/wp-content\/uploads\/2022\/02\/seminarioFECAC2022_03-768x391.jpg 768w, https:\/\/raicesandaluzas.com\/revista\/wp-content\/uploads\/2022\/02\/seminarioFECAC2022_03-696x354.jpg 696w, https:\/\/raicesandaluzas.com\/revista\/wp-content\/uploads\/2022\/02\/seminarioFECAC2022_03-1068x544.jpg 1068w, https:\/\/raicesandaluzas.com\/revista\/wp-content\/uploads\/2022\/02\/seminarioFECAC2022_03-825x420.jpg 825w, https:\/\/raicesandaluzas.com\/revista\/wp-content\/uploads\/2022\/02\/seminarioFECAC2022_03.jpg 1200w\" sizes=\"auto, (max-width: 1024px) 100vw, 1024px\" \/><\/a><\/figure>\n<\/figure>\n","protected":false},"excerpt":{"rendered":"<p>La Federaci\u00f3n de Entidades Culturales Andaluzas en Catalu\u00f1a (FECAC) ha aprovechado el Seminario celebrado este fin de semana en Calella para invitar a sus entidades asociadas a implicarse el m\u00e1ximo en la pr\u00f3xima Feria de Abril de Catalunya, que tendr\u00e1 lugar en el Parc del F\u00f2rum del 22 de abril al 1 de mayo. La [&hellip;]<\/p>\n","protected":false},"author":1,"featured_media":630,"comment_status":"open","ping_status":"open","sticky":false,"template":"","format":"standard","meta":{"footnotes":""},"categories":[19],"tags":[],"class_list":{"0":"post-627","1":"post","2":"type-post","3":"status-publish","4":"format-standard","5":"has-post-thumbnail","7":"category-actualidad"},"_links":{"self":[{"href":"https:\/\/raicesandaluzas.com\/revista\/wp-json\/wp\/v2\/posts\/627","targetHints":{"allow":["GET"]}}],"collection":[{"href":"https:\/\/raicesandaluzas.com\/revista\/wp-json\/wp\/v2\/posts"}],"about":[{"href":"https:\/\/raicesandaluzas.com\/revista\/wp-json\/wp\/v2\/types\/post"}],"author":[{"embeddable":true,"href":"https:\/\/raicesandaluzas.com\/revista\/wp-json\/wp\/v2\/users\/1"}],"replies":[{"embeddable":true,"href":"https:\/\/raicesandaluzas.com\/revista\/wp-json\/wp\/v2\/comments?post=627"}],"version-history":[{"count":1,"href":"https:\/\/raicesandaluzas.com\/revista\/wp-json\/wp\/v2\/posts\/627\/revisions"}],"predecessor-version":[{"id":631,"href":"https:\/\/raicesandaluzas.com\/revista\/wp-json\/wp\/v2\/posts\/627\/revisions\/631"}],"wp:featuredmedia":[{"embeddable":true,"href":"https:\/\/raicesandaluzas.com\/revista\/wp-json\/wp\/v2\/media\/630"}],"wp:attachment":[{"href":"https:\/\/raicesandaluzas.com\/revista\/wp-json\/wp\/v2\/media?parent=627"}],"wp:term":[{"taxonomy":"category","embeddable":true,"href":"https:\/\/raicesandaluzas.com\/revista\/wp-json\/wp\/v2\/categories?post=627"},{"taxonomy":"post_tag","embeddable":true,"href":"https:\/\/raicesandaluzas.com\/revista\/wp-json\/wp\/v2\/tags?post=627"}],"curies":[{"name":"wp","href":"https:\/\/api.w.org\/{rel}","templated":true}]}}