{"id":623,"date":"2022-02-16T11:49:55","date_gmt":"2022-02-16T11:49:55","guid":{"rendered":"http:\/\/raicesandaluzas.com\/revista\/?p=623"},"modified":"2022-02-16T11:50:31","modified_gmt":"2022-02-16T11:50:31","slug":"la-hermandad-de-las-angustias-de-barcelona-presenta-su-nueva-papeleta-de-sitio","status":"publish","type":"post","link":"https:\/\/raicesandaluzas.com\/revista\/2022\/02\/16\/la-hermandad-de-las-angustias-de-barcelona-presenta-su-nueva-papeleta-de-sitio\/","title":{"rendered":"La Hermandad de las Angustias de Barcelona presenta su nueva papeleta de sitio"},"content":{"rendered":"\n<p>La Hermandad de las Angustias presenta la que ser\u00e1 su papeleta de sitio para la estaci\u00f3n de penitencia del Viernes Santo. Obra de Francesco Midiri, se ha respetado el dise\u00f1o g\u00f3tico de la orla de cultos de la corporaci\u00f3n. Aparece como principal protagonista Nuestra Se\u00f1ora de las Angustias, pintada al \u00f3leo por la sevillana Vanessa Galindo Rey.<\/p>\n\n\n\n<p>Todos los interesados en recoger su papeleta de sitio para participar en la procesi\u00f3n se pueden poner en contacto con la Hermandad a trav\u00e9s del correo electr\u00f3nico hermandad.angustias.bcn@gmail.com o por tel\u00e9fono m\u00f3vil 650507753.<\/p>\n","protected":false},"excerpt":{"rendered":"<p>La Hermandad de las Angustias presenta la que ser\u00e1 su papeleta de sitio para la estaci\u00f3n de penitencia del Viernes Santo. Obra de Francesco Midiri, se ha respetado el dise\u00f1o g\u00f3tico de la orla de cultos de la corporaci\u00f3n. Aparece como principal protagonista Nuestra Se\u00f1ora de las Angustias, pintada al \u00f3leo por la sevillana Vanessa [&hellip;]<\/p>\n","protected":false},"author":1,"featured_media":624,"comment_status":"open","ping_status":"open","sticky":false,"template":"","format":"standard","meta":{"footnotes":""},"categories":[19],"tags":[],"class_list":{"0":"post-623","1":"post","2":"type-post","3":"status-publish","4":"format-standard","5":"has-post-thumbnail","7":"category-actualidad"},"_links":{"self":[{"href":"https:\/\/raicesandaluzas.com\/revista\/wp-json\/wp\/v2\/posts\/623","targetHints":{"allow":["GET"]}}],"collection":[{"href":"https:\/\/raicesandaluzas.com\/revista\/wp-json\/wp\/v2\/posts"}],"about":[{"href":"https:\/\/raicesandaluzas.com\/revista\/wp-json\/wp\/v2\/types\/post"}],"author":[{"embeddable":true,"href":"https:\/\/raicesandaluzas.com\/revista\/wp-json\/wp\/v2\/users\/1"}],"replies":[{"embeddable":true,"href":"https:\/\/raicesandaluzas.com\/revista\/wp-json\/wp\/v2\/comments?post=623"}],"version-history":[{"count":2,"href":"https:\/\/raicesandaluzas.com\/revista\/wp-json\/wp\/v2\/posts\/623\/revisions"}],"predecessor-version":[{"id":626,"href":"https:\/\/raicesandaluzas.com\/revista\/wp-json\/wp\/v2\/posts\/623\/revisions\/626"}],"wp:featuredmedia":[{"embeddable":true,"href":"https:\/\/raicesandaluzas.com\/revista\/wp-json\/wp\/v2\/media\/624"}],"wp:attachment":[{"href":"https:\/\/raicesandaluzas.com\/revista\/wp-json\/wp\/v2\/media?parent=623"}],"wp:term":[{"taxonomy":"category","embeddable":true,"href":"https:\/\/raicesandaluzas.com\/revista\/wp-json\/wp\/v2\/categories?post=623"},{"taxonomy":"post_tag","embeddable":true,"href":"https:\/\/raicesandaluzas.com\/revista\/wp-json\/wp\/v2\/tags?post=623"}],"curies":[{"name":"wp","href":"https:\/\/api.w.org\/{rel}","templated":true}]}}