{"id":619,"date":"2022-02-15T12:48:27","date_gmt":"2022-02-15T12:48:27","guid":{"rendered":"http:\/\/raicesandaluzas.com\/revista\/?p=619"},"modified":"2022-02-15T12:48:28","modified_gmt":"2022-02-15T12:48:28","slug":"la-casa-de-andalucia-en-manresa-celebra-sus-xxxviii-jornadas-por-el-dia-de-andalucia","status":"publish","type":"post","link":"https:\/\/raicesandaluzas.com\/revista\/2022\/02\/15\/la-casa-de-andalucia-en-manresa-celebra-sus-xxxviii-jornadas-por-el-dia-de-andalucia\/","title":{"rendered":"La Casa de Andaluc\u00eda en Manresa celebra sus XXXVIII Jornadas por el D\u00eda de Andaluc\u00eda"},"content":{"rendered":"\n<p>El fin de semana del 5 y 6 de marzo, la Asociaci\u00f3n Cultural Casa de Andaluc\u00eda en Manresa celebra sus XXXVIII Jornadas por el D\u00eda de Andaluc\u00eda. Los actos comenzar\u00e1n el s\u00e1bado, d\u00eda 5, con el acto institucional en el sal\u00f3n de actos del Centro Cultural El Casino. Por la tarde dar\u00e1 comienzo la Fiesta por Andaluc\u00eda en el Palau Firal, con el IV Encuentro de Escuelas de Baile y un pase de moda flamenca a cargo de \u201cNo m\u00e9s tu\u201d.<\/p>\n\n\n\n<p>Al d\u00eda siguiente, la Iglesia de Cristo Rey acoger\u00e1 la misa rociera a las 11.30 horas. De nuevo, el Palau Firal acoger\u00e1 la comida de convivencia y el final de fiesta a cargo de Las Carlotas. Adem\u00e1s, se llevar\u00e1 a cabo un programa de actos paralelos dedicado a Carlos Cano que comenzar\u00e1 el s\u00e1bado, 26 de febrero a las 19.30 horas con la proyecci\u00f3n de la pel\u00edcula \u201cEl mapa de Carlos Cano. El viaje de toda una vida\u201d, en el Auditorio Plana de L\u2019Om. Un d\u00eda despu\u00e9s, la cantante andaluza Pasi\u00f3n Vega ofrecer\u00e1 un concierto en el Teatro Kursaal. Por \u00faltimo, el s\u00e1bado 5 de marzo, de nuevo el Auditorio Plana de L\u2019Om acoger\u00e1 la presentaci\u00f3n del libro \u201cVoces para una biograf\u00eda\u201d, de Omar Jurado y Juan Miguel Morales, a partir de las 19 horas, tras lo cual dar\u00e1 comienzo una mesa redonda sobre la ilustraci\u00f3n flamenca, con Manuel Gerena al cante y Paco Gal\u00e1n al toque. &nbsp;<\/p>\n","protected":false},"excerpt":{"rendered":"<p>El fin de semana del 5 y 6 de marzo, la Asociaci\u00f3n Cultural Casa de Andaluc\u00eda en Manresa celebra sus XXXVIII Jornadas por el D\u00eda de Andaluc\u00eda. Los actos comenzar\u00e1n el s\u00e1bado, d\u00eda 5, con el acto institucional en el sal\u00f3n de actos del Centro Cultural El Casino. Por la tarde dar\u00e1 comienzo la Fiesta [&hellip;]<\/p>\n","protected":false},"author":1,"featured_media":620,"comment_status":"open","ping_status":"open","sticky":false,"template":"","format":"standard","meta":{"footnotes":""},"categories":[19],"tags":[],"class_list":{"0":"post-619","1":"post","2":"type-post","3":"status-publish","4":"format-standard","5":"has-post-thumbnail","7":"category-actualidad"},"_links":{"self":[{"href":"https:\/\/raicesandaluzas.com\/revista\/wp-json\/wp\/v2\/posts\/619","targetHints":{"allow":["GET"]}}],"collection":[{"href":"https:\/\/raicesandaluzas.com\/revista\/wp-json\/wp\/v2\/posts"}],"about":[{"href":"https:\/\/raicesandaluzas.com\/revista\/wp-json\/wp\/v2\/types\/post"}],"author":[{"embeddable":true,"href":"https:\/\/raicesandaluzas.com\/revista\/wp-json\/wp\/v2\/users\/1"}],"replies":[{"embeddable":true,"href":"https:\/\/raicesandaluzas.com\/revista\/wp-json\/wp\/v2\/comments?post=619"}],"version-history":[{"count":1,"href":"https:\/\/raicesandaluzas.com\/revista\/wp-json\/wp\/v2\/posts\/619\/revisions"}],"predecessor-version":[{"id":621,"href":"https:\/\/raicesandaluzas.com\/revista\/wp-json\/wp\/v2\/posts\/619\/revisions\/621"}],"wp:featuredmedia":[{"embeddable":true,"href":"https:\/\/raicesandaluzas.com\/revista\/wp-json\/wp\/v2\/media\/620"}],"wp:attachment":[{"href":"https:\/\/raicesandaluzas.com\/revista\/wp-json\/wp\/v2\/media?parent=619"}],"wp:term":[{"taxonomy":"category","embeddable":true,"href":"https:\/\/raicesandaluzas.com\/revista\/wp-json\/wp\/v2\/categories?post=619"},{"taxonomy":"post_tag","embeddable":true,"href":"https:\/\/raicesandaluzas.com\/revista\/wp-json\/wp\/v2\/tags?post=619"}],"curies":[{"name":"wp","href":"https:\/\/api.w.org\/{rel}","templated":true}]}}