{"id":616,"date":"2022-02-14T11:26:12","date_gmt":"2022-02-14T11:26:12","guid":{"rendered":"http:\/\/raicesandaluzas.com\/revista\/?p=616"},"modified":"2022-02-14T11:26:13","modified_gmt":"2022-02-14T11:26:13","slug":"la-fecac-recupera-la-ofrenda-floral-con-las-entidades-y-engloba-el-seminario-en-los-actos-del-dia-de-andalucia","status":"publish","type":"post","link":"https:\/\/raicesandaluzas.com\/revista\/2022\/02\/14\/la-fecac-recupera-la-ofrenda-floral-con-las-entidades-y-engloba-el-seminario-en-los-actos-del-dia-de-andalucia\/","title":{"rendered":"La FECAC recupera la ofrenda floral con las entidades\u00a0\u00a0\u00a0\u00a0\u00a0 y engloba el seminario en los actos del D\u00eda de Andaluc\u00eda"},"content":{"rendered":"\n<p>La Federaci\u00f3n de Entidades Culturales Andaluzas en Catalu\u00f1a (FECAC) celebra este a\u00f1o la edici\u00f3n n\u00famero 38 de las <strong>Jornadas Conmemorativas del D\u00eda de Andaluc\u00eda<\/strong> en Catalu\u00f1a con una serie de actos institucionales, culturales, religiosos y recreativos repartidos entre seis poblaciones: Barcelona, Mollet del Vall\u00e8s, Cerdanyola del Vall\u00e8s, Calella, Matar\u00f3 y Terrassa.<\/p>\n\n\n\n<p>La <strong>presentaci\u00f3n del programa de actos <\/strong>y del<strong> cartel<\/strong>, dise\u00f1ado por Cristian Fern\u00e1ndez, de la empresa Mediaclip, tuvo lugar ayer en Mollet del Vall\u00e8s. Primero, en rueda de prensa en el ayuntamiento con el alcalde de la localidad, Josep Monr\u00e0s, y el presidente de la FECAC, Daniel Salinero, que ha firmado en el libro de honor, y posteriormente en un acto p\u00fablico en el Mercat Vell con las actuaciones de <em>Triana y Arte <\/em>del Centro<em> Andaluz <\/em>Vall\u00e8s y AflamencArte.<\/p>\n\n\n\n<p>Hoy s\u00e1bado, 12 de febrero, la parroquia de Santa Maria de Cerdanyola del Vall\u00e8s acoger\u00e1 a las cinco de la tarde la celebraci\u00f3n de la <strong>Festividad de la Luz<\/strong>.<\/p>\n\n\n\n<p><strong>SEMINARIO<\/strong><\/p>\n\n\n\n<p>El <strong>seminario<\/strong> que la FECAC celebra anualmente como jornadas de reflexi\u00f3n con diversas ponencias y grupos de trabajo y para el hermanamiento entre las entidades asociadas y que no pudo celebrarse el a\u00f1o pasado por las medidas sanitarias anti-covid tendr\u00e1 lugar nuevamente en Calella el fin de semana siguiente, 19 y 20 de febrero.<\/p>\n\n\n\n<p>La tradicional <strong>conferencia institucional<\/strong> del D\u00eda de Andaluc\u00eda tendr\u00e1 como protagonista a la cantante sevillana Joana Jim\u00e9nez, ganadora del concurso \u201cSe llama copla\u201d. El acto, con invitaci\u00f3n, se celebrar\u00e1 como es habitual en el Sal\u00f3 de Cent del Ayuntamiento de Barcelona el viernes 25, a las siete y media de la tarde.<\/p>\n\n\n\n<p>El s\u00e1bado 26, a las 11 de la ma\u00f1ana, la Hermandad Divina Pastora de Matar\u00f3 (torre Can Palouet) acoger\u00e1 el \u201c<strong>D\u00eda de Andaluc\u00eda en Catalu\u00f1a. Arte y reivindicaci\u00f3n<\/strong>\u201d, con una conferencia del concejal de Cultura de Matar\u00f3, Xesco Gomar, y la actuaci\u00f3n de los guitarristas Jos\u00e9 Mar\u00eda Parra y Diego Cort\u00e9s. Esta actividad podr\u00e1 seguirse por las <strong>redes sociales<\/strong>.<\/p>\n\n\n\n<p><strong>OFRENDA<\/strong><\/p>\n\n\n\n<p>La junta directiva de la FECAC y las entidades asociadas, junto con las autoridades, har\u00e1n la <strong>ofrenda floral<\/strong> en el monolito de Blas Infante, considerado el padre de la patria andaluza, en el parque de la Guineueta, en Barcelona, el s\u00e1bado 5 de marzo a las cinco y media de la tarde. Adem\u00e1s, habr\u00e1 espect\u00e1culo con el grupo de baile de la FECAC y Guadaljarafe pondr\u00e1n la nota final.<\/p>\n\n\n\n<p>Al d\u00eda siguiente, domingo 6 de marzo, tambi\u00e9n se recupera la <strong>Jornada de Convivencia<\/strong> en Terrassa, en el parque Els Bellots, suspendida el pasado a\u00f1o, y que tradicionalmente constituye el colof\u00f3n de estas jornadas conmemorativas.<\/p>\n\n\n\n<p>Por prudencia, para evitar aglomeraciones, la FECAC tampoco celebrar\u00e1 este este a\u00f1o el Concurso de Chirigotas y Comparsas ni la cena de entrega de los Premios FECAC.<\/p>\n","protected":false},"excerpt":{"rendered":"<p>La Federaci\u00f3n de Entidades Culturales Andaluzas en Catalu\u00f1a (FECAC) celebra este a\u00f1o la edici\u00f3n n\u00famero 38 de las Jornadas Conmemorativas del D\u00eda de Andaluc\u00eda en Catalu\u00f1a con una serie de actos institucionales, culturales, religiosos y recreativos repartidos entre seis poblaciones: Barcelona, Mollet del Vall\u00e8s, Cerdanyola del Vall\u00e8s, Calella, Matar\u00f3 y Terrassa. La presentaci\u00f3n del programa [&hellip;]<\/p>\n","protected":false},"author":1,"featured_media":617,"comment_status":"open","ping_status":"open","sticky":false,"template":"","format":"standard","meta":{"footnotes":""},"categories":[19],"tags":[],"class_list":{"0":"post-616","1":"post","2":"type-post","3":"status-publish","4":"format-standard","5":"has-post-thumbnail","7":"category-actualidad"},"_links":{"self":[{"href":"https:\/\/raicesandaluzas.com\/revista\/wp-json\/wp\/v2\/posts\/616","targetHints":{"allow":["GET"]}}],"collection":[{"href":"https:\/\/raicesandaluzas.com\/revista\/wp-json\/wp\/v2\/posts"}],"about":[{"href":"https:\/\/raicesandaluzas.com\/revista\/wp-json\/wp\/v2\/types\/post"}],"author":[{"embeddable":true,"href":"https:\/\/raicesandaluzas.com\/revista\/wp-json\/wp\/v2\/users\/1"}],"replies":[{"embeddable":true,"href":"https:\/\/raicesandaluzas.com\/revista\/wp-json\/wp\/v2\/comments?post=616"}],"version-history":[{"count":1,"href":"https:\/\/raicesandaluzas.com\/revista\/wp-json\/wp\/v2\/posts\/616\/revisions"}],"predecessor-version":[{"id":618,"href":"https:\/\/raicesandaluzas.com\/revista\/wp-json\/wp\/v2\/posts\/616\/revisions\/618"}],"wp:featuredmedia":[{"embeddable":true,"href":"https:\/\/raicesandaluzas.com\/revista\/wp-json\/wp\/v2\/media\/617"}],"wp:attachment":[{"href":"https:\/\/raicesandaluzas.com\/revista\/wp-json\/wp\/v2\/media?parent=616"}],"wp:term":[{"taxonomy":"category","embeddable":true,"href":"https:\/\/raicesandaluzas.com\/revista\/wp-json\/wp\/v2\/categories?post=616"},{"taxonomy":"post_tag","embeddable":true,"href":"https:\/\/raicesandaluzas.com\/revista\/wp-json\/wp\/v2\/tags?post=616"}],"curies":[{"name":"wp","href":"https:\/\/api.w.org\/{rel}","templated":true}]}}