{"id":613,"date":"2022-02-14T11:23:15","date_gmt":"2022-02-14T11:23:15","guid":{"rendered":"http:\/\/raicesandaluzas.com\/revista\/?p=613"},"modified":"2022-02-14T11:23:16","modified_gmt":"2022-02-14T11:23:16","slug":"el-carnaval-de-cadiz-llena-de-alegria-sant-boi","status":"publish","type":"post","link":"https:\/\/raicesandaluzas.com\/revista\/2022\/02\/14\/el-carnaval-de-cadiz-llena-de-alegria-sant-boi\/","title":{"rendered":"El Carnaval de C\u00e1diz llena de alegr\u00eda Sant Boi"},"content":{"rendered":"\n<p>Este pasado s\u00e1bado, 12 de febrero, el Teatre de Cal Ninyo de Sant Boi se convirti\u00f3 por unas horas en el Gran Teatro Falla de C\u00e1diz gracias al arte de la Comparsa gaditana de Barcelona, que actu\u00f3 en un acto organizado por la Casa de Sevilla de la localidad. Recordando tres a\u00f1os de historia con \u00abLos Primavera\u00bb, \u00abLos Limpiabotas\u00bb i \u00abLos Marea\u00bb deleitaron una sala con lleno absoluto unas horas antes del cierre de venta de entradas y con ganas de que el a\u00f1o que viene se vuelva a programar un acto de este calibre.<\/p>\n","protected":false},"excerpt":{"rendered":"<p>Este pasado s\u00e1bado, 12 de febrero, el Teatre de Cal Ninyo de Sant Boi se convirti\u00f3 por unas horas en el Gran Teatro Falla de C\u00e1diz gracias al arte de la Comparsa gaditana de Barcelona, que actu\u00f3 en un acto organizado por la Casa de Sevilla de la localidad. Recordando tres a\u00f1os de historia con [&hellip;]<\/p>\n","protected":false},"author":1,"featured_media":614,"comment_status":"open","ping_status":"open","sticky":false,"template":"","format":"standard","meta":{"footnotes":""},"categories":[19],"tags":[],"class_list":{"0":"post-613","1":"post","2":"type-post","3":"status-publish","4":"format-standard","5":"has-post-thumbnail","7":"category-actualidad"},"_links":{"self":[{"href":"https:\/\/raicesandaluzas.com\/revista\/wp-json\/wp\/v2\/posts\/613","targetHints":{"allow":["GET"]}}],"collection":[{"href":"https:\/\/raicesandaluzas.com\/revista\/wp-json\/wp\/v2\/posts"}],"about":[{"href":"https:\/\/raicesandaluzas.com\/revista\/wp-json\/wp\/v2\/types\/post"}],"author":[{"embeddable":true,"href":"https:\/\/raicesandaluzas.com\/revista\/wp-json\/wp\/v2\/users\/1"}],"replies":[{"embeddable":true,"href":"https:\/\/raicesandaluzas.com\/revista\/wp-json\/wp\/v2\/comments?post=613"}],"version-history":[{"count":1,"href":"https:\/\/raicesandaluzas.com\/revista\/wp-json\/wp\/v2\/posts\/613\/revisions"}],"predecessor-version":[{"id":615,"href":"https:\/\/raicesandaluzas.com\/revista\/wp-json\/wp\/v2\/posts\/613\/revisions\/615"}],"wp:featuredmedia":[{"embeddable":true,"href":"https:\/\/raicesandaluzas.com\/revista\/wp-json\/wp\/v2\/media\/614"}],"wp:attachment":[{"href":"https:\/\/raicesandaluzas.com\/revista\/wp-json\/wp\/v2\/media?parent=613"}],"wp:term":[{"taxonomy":"category","embeddable":true,"href":"https:\/\/raicesandaluzas.com\/revista\/wp-json\/wp\/v2\/categories?post=613"},{"taxonomy":"post_tag","embeddable":true,"href":"https:\/\/raicesandaluzas.com\/revista\/wp-json\/wp\/v2\/tags?post=613"}],"curies":[{"name":"wp","href":"https:\/\/api.w.org\/{rel}","templated":true}]}}