{"id":610,"date":"2022-02-14T11:16:24","date_gmt":"2022-02-14T11:16:24","guid":{"rendered":"http:\/\/raicesandaluzas.com\/revista\/?p=610"},"modified":"2022-02-14T11:16:25","modified_gmt":"2022-02-14T11:16:25","slug":"celebracion-del-dia-de-andalucia-en-torello","status":"publish","type":"post","link":"https:\/\/raicesandaluzas.com\/revista\/2022\/02\/14\/celebracion-del-dia-de-andalucia-en-torello\/","title":{"rendered":"Celebraci\u00f3n del D\u00eda de Andaluc\u00eda en Torell\u00f3"},"content":{"rendered":"\n<p>La Asociaci\u00f3n Cultural Andaluza de Torrell\u00f3 (ACAT) celebra el pr\u00f3ximo 5 de marzo el D\u00eda de Andaluc\u00eda con sus XXII Jornadas Culturales que tendr\u00e1n lugar en el Teatre Cirvianum de la localidad. Las actuaciones, que comenzar\u00e1n a las 19 horas y cuya entrada es gratuita, correr\u00e1n a cargo del grupo \u00abA tu manera\u00bb, de la ACAT, su grupo de teatro y el entrem\u00e9s de los hermanos \u00c1lvarez Quintero \u00abFea y con gracia\u00bb (actuar\u00e1n Ana Luque, Adela S\u00e1nchez, Francisco Granados y Guillerno Dur\u00e1n), as\u00ed como \u00abLa f\u00e0grica de les arts\u00bb de la Escola de Dansa i Balls de Sal\u00f3, el grupo \u00abEntre lunares\u00bb de la Asociaci\u00f3n Cultural Mi Tierra y el Sur de Vic, y el coro rociero de la ACAT con la guitarra de David Caro. <\/p>\n\n\n\n<p>El acto ser\u00e1 presentado por Raquel Requena y las invitaciones se arecoger\u00e1n al acceder al teatro el mismo d\u00eda y hora del evento. <\/p>\n","protected":false},"excerpt":{"rendered":"<p>La Asociaci\u00f3n Cultural Andaluza de Torrell\u00f3 (ACAT) celebra el pr\u00f3ximo 5 de marzo el D\u00eda de Andaluc\u00eda con sus XXII Jornadas Culturales que tendr\u00e1n lugar en el Teatre Cirvianum de la localidad. Las actuaciones, que comenzar\u00e1n a las 19 horas y cuya entrada es gratuita, correr\u00e1n a cargo del grupo \u00abA tu manera\u00bb, de la [&hellip;]<\/p>\n","protected":false},"author":1,"featured_media":611,"comment_status":"open","ping_status":"open","sticky":false,"template":"","format":"standard","meta":{"footnotes":""},"categories":[19],"tags":[],"class_list":{"0":"post-610","1":"post","2":"type-post","3":"status-publish","4":"format-standard","5":"has-post-thumbnail","7":"category-actualidad"},"_links":{"self":[{"href":"https:\/\/raicesandaluzas.com\/revista\/wp-json\/wp\/v2\/posts\/610","targetHints":{"allow":["GET"]}}],"collection":[{"href":"https:\/\/raicesandaluzas.com\/revista\/wp-json\/wp\/v2\/posts"}],"about":[{"href":"https:\/\/raicesandaluzas.com\/revista\/wp-json\/wp\/v2\/types\/post"}],"author":[{"embeddable":true,"href":"https:\/\/raicesandaluzas.com\/revista\/wp-json\/wp\/v2\/users\/1"}],"replies":[{"embeddable":true,"href":"https:\/\/raicesandaluzas.com\/revista\/wp-json\/wp\/v2\/comments?post=610"}],"version-history":[{"count":1,"href":"https:\/\/raicesandaluzas.com\/revista\/wp-json\/wp\/v2\/posts\/610\/revisions"}],"predecessor-version":[{"id":612,"href":"https:\/\/raicesandaluzas.com\/revista\/wp-json\/wp\/v2\/posts\/610\/revisions\/612"}],"wp:featuredmedia":[{"embeddable":true,"href":"https:\/\/raicesandaluzas.com\/revista\/wp-json\/wp\/v2\/media\/611"}],"wp:attachment":[{"href":"https:\/\/raicesandaluzas.com\/revista\/wp-json\/wp\/v2\/media?parent=610"}],"wp:term":[{"taxonomy":"category","embeddable":true,"href":"https:\/\/raicesandaluzas.com\/revista\/wp-json\/wp\/v2\/categories?post=610"},{"taxonomy":"post_tag","embeddable":true,"href":"https:\/\/raicesandaluzas.com\/revista\/wp-json\/wp\/v2\/tags?post=610"}],"curies":[{"name":"wp","href":"https:\/\/api.w.org\/{rel}","templated":true}]}}