{"id":607,"date":"2022-02-11T10:02:17","date_gmt":"2022-02-11T10:02:17","guid":{"rendered":"http:\/\/raicesandaluzas.com\/revista\/?p=607"},"modified":"2022-02-11T10:02:18","modified_gmt":"2022-02-11T10:02:18","slug":"la-fecac-presenta-esta-tarde-el-programa-de-actos-del-dia-de-andalucia-2022","status":"publish","type":"post","link":"https:\/\/raicesandaluzas.com\/revista\/2022\/02\/11\/la-fecac-presenta-esta-tarde-el-programa-de-actos-del-dia-de-andalucia-2022\/","title":{"rendered":"La FECAC presenta esta tarde el programa de actos del D\u00eda de Andaluc\u00eda 2022"},"content":{"rendered":"\n<p>La Federaci\u00f3n de Entidades Culturales Andaluzas en Catalu\u00f1a (FECAC) celebrar\u00e1 este a\u00f1o las 38 Jornadas conmemorativas del D\u00eda de Andaluc\u00eda con una serie de actos que se desarrollar\u00e1n a lo largo de este mes y hasta el primer fin de semana de marzo en diversas poblaciones catalanas.<\/p>\n\n\n\n<p>La presentaci\u00f3n del cartel y del programa a los medios de comunicaci\u00f3n tendr\u00e1 lugar hoy viernes, 11 de febrero, a las seis y media de la tarde en el Ayuntamiento de Mollet del Vall\u00e8s (pla\u00e7a Major, 1) bajo la presidencia del alcalde de la localidad, Josep Monr\u00e0s, y del presidente de la FECAC, Daniel Salinero, que tambi\u00e9n firmar\u00e1 en el libro de honor del consistorio.<\/p>\n\n\n\n<p>Seguidamente, a las siete y media, el Mercat Vell de esta poblaci\u00f3n vallesana (pla\u00e7a Prat de la Riba, 6) acoger\u00e1 el acto p\u00fablico de presentaci\u00f3n del cartel. Actuar\u00e1n los grupos de baile Triana y Arte y Comp\u00e1s del Centro Cultural Andaluz de Mollet del Vall\u00e8s y el grupo AflamencArte.<\/p>\n\n\n\n<p>Al d\u00eda siguiente, 12 de febrero, se llevar\u00e1 a cabo la celebraci\u00f3n de la Festividad de la Luz, a partir de las 17 horas en la Parroquia de Sant Mart\u00ed de Cerdanyola del Vall\u00e9s (Pla\u00e7a Joan Pau II, s\/n).<\/p>\n\n\n\n<p>El tradicional seminario en Callella de la FECAC, que no se ha podido celebrar los \u00faltimos a\u00f1os por diversos motivos, entre ellos la pandemia de Covid19, se llevar\u00e1 a cabo el fin de semana del 19 y 20 de febrero.<\/p>\n\n\n\n<p>Una semana m\u00e1s tarde, el viernes 25 de febrero, tendr\u00e1 lugar la conferencia institucional en el Sal\u00f3 de Cent del Ayuntamiento de Barcelona a partir de las 19.30 horas a cargo de Joana Jim\u00e9nez, ganadora del concurso \u201cSe llama copla\u201d.<\/p>\n\n\n\n<p>La Hermandad Divina Pastora de Matar\u00f3 acoger\u00e1 en su sede de la Torre Can Palauet el s\u00e1bado, 26 de febrero a partir de las 11 horas, la celebraci\u00f3n de \u201cEl D\u00eda de Andaluc\u00eda en Catalu\u00f1a. Arte y reivindicaci\u00f3n\u201d. El acto ser\u00e1 retransmitido en directo por las redes sociales de la FECAC y contar\u00e1 con la conferencia de Xesco Gomar, concejal de cultura del Ayuntamiento de Matar\u00f3, y la actuaci\u00f3n de los guitarristas Jos\u00e9 M\u00aa Parra y Diego Cort\u00e9s.<\/p>\n\n\n\n<p>Los actos por el D\u00eda de Andaluc\u00eda concluir\u00e1n el fin de semana del 5 y 6 de marzo con la ofrenda floral a Blas Infante en el Parc de la Guineueta de Barcelona a las 17.30 horas, con la actuaci\u00f3n del ballet de la FECAC y el concierto final a cargo de Guadaljarafe. Y, por \u00faltimo, el domingo, como es tradicional, la Jornada de convivencia en el parque Els Bellots en Terrassa.&nbsp; &nbsp;<\/p>\n","protected":false},"excerpt":{"rendered":"<p>La Federaci\u00f3n de Entidades Culturales Andaluzas en Catalu\u00f1a (FECAC) celebrar\u00e1 este a\u00f1o las 38 Jornadas conmemorativas del D\u00eda de Andaluc\u00eda con una serie de actos que se desarrollar\u00e1n a lo largo de este mes y hasta el primer fin de semana de marzo en diversas poblaciones catalanas. La presentaci\u00f3n del cartel y del programa a [&hellip;]<\/p>\n","protected":false},"author":1,"featured_media":608,"comment_status":"open","ping_status":"open","sticky":false,"template":"","format":"standard","meta":{"footnotes":""},"categories":[19],"tags":[],"class_list":{"0":"post-607","1":"post","2":"type-post","3":"status-publish","4":"format-standard","5":"has-post-thumbnail","7":"category-actualidad"},"_links":{"self":[{"href":"https:\/\/raicesandaluzas.com\/revista\/wp-json\/wp\/v2\/posts\/607","targetHints":{"allow":["GET"]}}],"collection":[{"href":"https:\/\/raicesandaluzas.com\/revista\/wp-json\/wp\/v2\/posts"}],"about":[{"href":"https:\/\/raicesandaluzas.com\/revista\/wp-json\/wp\/v2\/types\/post"}],"author":[{"embeddable":true,"href":"https:\/\/raicesandaluzas.com\/revista\/wp-json\/wp\/v2\/users\/1"}],"replies":[{"embeddable":true,"href":"https:\/\/raicesandaluzas.com\/revista\/wp-json\/wp\/v2\/comments?post=607"}],"version-history":[{"count":1,"href":"https:\/\/raicesandaluzas.com\/revista\/wp-json\/wp\/v2\/posts\/607\/revisions"}],"predecessor-version":[{"id":609,"href":"https:\/\/raicesandaluzas.com\/revista\/wp-json\/wp\/v2\/posts\/607\/revisions\/609"}],"wp:featuredmedia":[{"embeddable":true,"href":"https:\/\/raicesandaluzas.com\/revista\/wp-json\/wp\/v2\/media\/608"}],"wp:attachment":[{"href":"https:\/\/raicesandaluzas.com\/revista\/wp-json\/wp\/v2\/media?parent=607"}],"wp:term":[{"taxonomy":"category","embeddable":true,"href":"https:\/\/raicesandaluzas.com\/revista\/wp-json\/wp\/v2\/categories?post=607"},{"taxonomy":"post_tag","embeddable":true,"href":"https:\/\/raicesandaluzas.com\/revista\/wp-json\/wp\/v2\/tags?post=607"}],"curies":[{"name":"wp","href":"https:\/\/api.w.org\/{rel}","templated":true}]}}