{"id":601,"date":"2022-02-08T12:53:40","date_gmt":"2022-02-08T12:53:40","guid":{"rendered":"http:\/\/raicesandaluzas.com\/revista\/?p=601"},"modified":"2022-02-08T12:53:41","modified_gmt":"2022-02-08T12:53:41","slug":"celebracion-presencial-de-santa-agueda-2022","status":"publish","type":"post","link":"https:\/\/raicesandaluzas.com\/revista\/2022\/02\/08\/celebracion-presencial-de-santa-agueda-2022\/","title":{"rendered":"Celebraci\u00f3n presencial de Santa \u00c1gueda 2022"},"content":{"rendered":"\n<p>Este pasado fin de semana se llev\u00f3 a cabo la celebraci\u00f3n de Santa \u00c1gueda, a cargo de la Asociaci\u00f3n de Mujeres Cofrades de Barcelona y la Hermandad Ntra. Sra. del Roc\u00edo Los Romeros de Barcelona, en colaboraci\u00f3n de la Diputaci\u00f3 de Barcelona. Los actos tuvieron lugar en la parroquia de Sant Francesc Xavier, con la charla \u00abLa mujer en las misiones\u00bb a cargo del padre Jos\u00e9 Rubio. Al concluir, se llev\u00f3 a cabo la eucarist\u00eda y se bendijeron las famosas \u00abTetillas de Santa \u00c1gueda\u00bb. M\u00e1s tarde se inaugur\u00f3 en la sede de la Hermandad Los Romeros la exposici\u00f3n fotogr\u00e1fica \u00abLa palabra cofrade no tiene g\u00e9nero\u00bb, con im\u00e1genes de la mujer en el mundo cofrade.<\/p>\n\n\n\n<figure class=\"wp-block-gallery has-nested-images columns-default is-cropped wp-block-gallery-1 is-layout-flex wp-block-gallery-is-layout-flex\">\n<figure class=\"wp-block-image size-large\"><a href=\"https:\/\/raicesandaluzas.com\/revista\/wp-content\/uploads\/2022\/02\/santa_agueda2022_01.jpg\"><img loading=\"lazy\" decoding=\"async\" width=\"1024\" height=\"680\" data-id=\"603\" src=\"https:\/\/raicesandaluzas.com\/revista\/wp-content\/uploads\/2022\/02\/santa_agueda2022_01-1024x680.jpg\" alt=\"\" class=\"wp-image-603\" srcset=\"https:\/\/raicesandaluzas.com\/revista\/wp-content\/uploads\/2022\/02\/santa_agueda2022_01-1024x680.jpg 1024w, https:\/\/raicesandaluzas.com\/revista\/wp-content\/uploads\/2022\/02\/santa_agueda2022_01-300x199.jpg 300w, https:\/\/raicesandaluzas.com\/revista\/wp-content\/uploads\/2022\/02\/santa_agueda2022_01-768x510.jpg 768w, https:\/\/raicesandaluzas.com\/revista\/wp-content\/uploads\/2022\/02\/santa_agueda2022_01-696x462.jpg 696w, https:\/\/raicesandaluzas.com\/revista\/wp-content\/uploads\/2022\/02\/santa_agueda2022_01-1068x709.jpg 1068w, https:\/\/raicesandaluzas.com\/revista\/wp-content\/uploads\/2022\/02\/santa_agueda2022_01-632x420.jpg 632w, https:\/\/raicesandaluzas.com\/revista\/wp-content\/uploads\/2022\/02\/santa_agueda2022_01.jpg 1200w\" sizes=\"auto, (max-width: 1024px) 100vw, 1024px\" \/><\/a><\/figure>\n\n\n\n<figure class=\"wp-block-image size-large\"><a href=\"https:\/\/raicesandaluzas.com\/revista\/wp-content\/uploads\/2022\/02\/santa_agueda2022_02.jpg\"><img loading=\"lazy\" decoding=\"async\" width=\"1024\" height=\"680\" data-id=\"604\" src=\"https:\/\/raicesandaluzas.com\/revista\/wp-content\/uploads\/2022\/02\/santa_agueda2022_02-1024x680.jpg\" alt=\"\" class=\"wp-image-604\" srcset=\"https:\/\/raicesandaluzas.com\/revista\/wp-content\/uploads\/2022\/02\/santa_agueda2022_02-1024x680.jpg 1024w, https:\/\/raicesandaluzas.com\/revista\/wp-content\/uploads\/2022\/02\/santa_agueda2022_02-300x199.jpg 300w, https:\/\/raicesandaluzas.com\/revista\/wp-content\/uploads\/2022\/02\/santa_agueda2022_02-768x510.jpg 768w, https:\/\/raicesandaluzas.com\/revista\/wp-content\/uploads\/2022\/02\/santa_agueda2022_02-696x462.jpg 696w, https:\/\/raicesandaluzas.com\/revista\/wp-content\/uploads\/2022\/02\/santa_agueda2022_02-1068x709.jpg 1068w, https:\/\/raicesandaluzas.com\/revista\/wp-content\/uploads\/2022\/02\/santa_agueda2022_02-632x420.jpg 632w, https:\/\/raicesandaluzas.com\/revista\/wp-content\/uploads\/2022\/02\/santa_agueda2022_02.jpg 1200w\" sizes=\"auto, (max-width: 1024px) 100vw, 1024px\" \/><\/a><\/figure>\n\n\n\n<figure class=\"wp-block-image size-large\"><a href=\"https:\/\/raicesandaluzas.com\/revista\/wp-content\/uploads\/2022\/02\/santa_agueda2022_03.jpg\"><img loading=\"lazy\" decoding=\"async\" width=\"1024\" height=\"680\" data-id=\"602\" src=\"https:\/\/raicesandaluzas.com\/revista\/wp-content\/uploads\/2022\/02\/santa_agueda2022_03-1024x680.jpg\" alt=\"\" class=\"wp-image-602\" srcset=\"https:\/\/raicesandaluzas.com\/revista\/wp-content\/uploads\/2022\/02\/santa_agueda2022_03-1024x680.jpg 1024w, https:\/\/raicesandaluzas.com\/revista\/wp-content\/uploads\/2022\/02\/santa_agueda2022_03-300x199.jpg 300w, https:\/\/raicesandaluzas.com\/revista\/wp-content\/uploads\/2022\/02\/santa_agueda2022_03-768x510.jpg 768w, https:\/\/raicesandaluzas.com\/revista\/wp-content\/uploads\/2022\/02\/santa_agueda2022_03-696x462.jpg 696w, https:\/\/raicesandaluzas.com\/revista\/wp-content\/uploads\/2022\/02\/santa_agueda2022_03-1068x709.jpg 1068w, https:\/\/raicesandaluzas.com\/revista\/wp-content\/uploads\/2022\/02\/santa_agueda2022_03-632x420.jpg 632w, https:\/\/raicesandaluzas.com\/revista\/wp-content\/uploads\/2022\/02\/santa_agueda2022_03.jpg 1200w\" sizes=\"auto, (max-width: 1024px) 100vw, 1024px\" \/><\/a><\/figure>\n<\/figure>\n","protected":false},"excerpt":{"rendered":"<p>Este pasado fin de semana se llev\u00f3 a cabo la celebraci\u00f3n de Santa \u00c1gueda, a cargo de la Asociaci\u00f3n de Mujeres Cofrades de Barcelona y la Hermandad Ntra. Sra. del Roc\u00edo Los Romeros de Barcelona, en colaboraci\u00f3n de la Diputaci\u00f3 de Barcelona. Los actos tuvieron lugar en la parroquia de Sant Francesc Xavier, con la [&hellip;]<\/p>\n","protected":false},"author":1,"featured_media":605,"comment_status":"open","ping_status":"open","sticky":false,"template":"","format":"standard","meta":{"footnotes":""},"categories":[19],"tags":[],"class_list":{"0":"post-601","1":"post","2":"type-post","3":"status-publish","4":"format-standard","5":"has-post-thumbnail","7":"category-actualidad"},"_links":{"self":[{"href":"https:\/\/raicesandaluzas.com\/revista\/wp-json\/wp\/v2\/posts\/601","targetHints":{"allow":["GET"]}}],"collection":[{"href":"https:\/\/raicesandaluzas.com\/revista\/wp-json\/wp\/v2\/posts"}],"about":[{"href":"https:\/\/raicesandaluzas.com\/revista\/wp-json\/wp\/v2\/types\/post"}],"author":[{"embeddable":true,"href":"https:\/\/raicesandaluzas.com\/revista\/wp-json\/wp\/v2\/users\/1"}],"replies":[{"embeddable":true,"href":"https:\/\/raicesandaluzas.com\/revista\/wp-json\/wp\/v2\/comments?post=601"}],"version-history":[{"count":1,"href":"https:\/\/raicesandaluzas.com\/revista\/wp-json\/wp\/v2\/posts\/601\/revisions"}],"predecessor-version":[{"id":606,"href":"https:\/\/raicesandaluzas.com\/revista\/wp-json\/wp\/v2\/posts\/601\/revisions\/606"}],"wp:featuredmedia":[{"embeddable":true,"href":"https:\/\/raicesandaluzas.com\/revista\/wp-json\/wp\/v2\/media\/605"}],"wp:attachment":[{"href":"https:\/\/raicesandaluzas.com\/revista\/wp-json\/wp\/v2\/media?parent=601"}],"wp:term":[{"taxonomy":"category","embeddable":true,"href":"https:\/\/raicesandaluzas.com\/revista\/wp-json\/wp\/v2\/categories?post=601"},{"taxonomy":"post_tag","embeddable":true,"href":"https:\/\/raicesandaluzas.com\/revista\/wp-json\/wp\/v2\/tags?post=601"}],"curies":[{"name":"wp","href":"https:\/\/api.w.org\/{rel}","templated":true}]}}