{"id":595,"date":"2022-02-07T11:01:28","date_gmt":"2022-02-07T11:01:28","guid":{"rendered":"http:\/\/raicesandaluzas.com\/revista\/?p=595"},"modified":"2022-02-07T11:01:29","modified_gmt":"2022-02-07T11:01:29","slug":"justo-molinero-recoge-el-titulo-de-andaluz-del-ano-2020-de-casa-de-andalucia-en-barcelona","status":"publish","type":"post","link":"https:\/\/raicesandaluzas.com\/revista\/2022\/02\/07\/justo-molinero-recoge-el-titulo-de-andaluz-del-ano-2020-de-casa-de-andalucia-en-barcelona\/","title":{"rendered":"Justo Molinero  recoge el t\u00edtulo de \u2018Andaluz del A\u00f1o 2020\u2019 de Casa de Andaluc\u00eda en  Barcelona"},"content":{"rendered":"\n<p>La Casa de Andaluc\u00eda en Barcelona ha homenajeado al empresario radiof\u00f3nico Justo Molinero con el t\u00edtulo de \u2018Andaluz del A\u00f1o 2020\u2019 en el curso de una cena que reuni\u00f3 anoche a autoridades, representantes de entidades culturales y amigos, hasta un total de trescientas personas. Las medidas sanitarias adoptadas como consecuencia de la pandemia hab\u00edan impedido celebrar en su momento este acto.<\/p>\n\n\n\n<p>El galard\u00f3n supone un reconocimiento a una brillante carrera de 40 a\u00f1os como profesional de la comunicaci\u00f3n. Fundador de Radio Tele-Taxi como una modesta emisora en 1982 en Santa Coloma de Gramenet, a lo largo de su dilatada y exitosa trayectoria profesional ha llegado a gestionar una treintena de frecuencias de radio, adem\u00e1s de canales anal\u00f3gicos de televisi\u00f3n y de televisi\u00f3n digital terrestre y el sello discogr\u00e1fico Moval Music.<\/p>\n\n\n\n<p>La sorpresa de la noche la aport\u00f3 la presencia del cantante Paco Candela, quien fue invitado por la presidenta de la Casa de Andaluc\u00eda en Barcelona, Paquita Mar\u00edn, para que le acompa\u00f1ara en la entrega de la placa y la insignia acreditativas del galard\u00f3n.<\/p>\n\n\n\n<div><a href=\"https:\/\/raicesandaluzas.com\/revista\/wp-content\/uploads\/2022\/02\/Justo-Molinero02-1024x683.jpg\" class=\"td-modal-image\"><figure class=\"wp-block-image size-large\"><img loading=\"lazy\" decoding=\"async\" width=\"1024\" height=\"683\" src=\"https:\/\/raicesandaluzas.com\/revista\/wp-content\/uploads\/2022\/02\/Justo-Molinero02-1024x683.jpg\" alt=\"\" class=\"wp-image-597\" srcset=\"https:\/\/raicesandaluzas.com\/revista\/wp-content\/uploads\/2022\/02\/Justo-Molinero02-1024x683.jpg 1024w, https:\/\/raicesandaluzas.com\/revista\/wp-content\/uploads\/2022\/02\/Justo-Molinero02-300x200.jpg 300w, https:\/\/raicesandaluzas.com\/revista\/wp-content\/uploads\/2022\/02\/Justo-Molinero02-768x512.jpg 768w, https:\/\/raicesandaluzas.com\/revista\/wp-content\/uploads\/2022\/02\/Justo-Molinero02-696x464.jpg 696w, https:\/\/raicesandaluzas.com\/revista\/wp-content\/uploads\/2022\/02\/Justo-Molinero02-1068x712.jpg 1068w, https:\/\/raicesandaluzas.com\/revista\/wp-content\/uploads\/2022\/02\/Justo-Molinero02-630x420.jpg 630w, https:\/\/raicesandaluzas.com\/revista\/wp-content\/uploads\/2022\/02\/Justo-Molinero02.jpg 1200w\" sizes=\"auto, (max-width: 1024px) 100vw, 1024px\" \/><figcaption>Justo Molinero (centro), con Paquita Mar\u00edn, presidenta de la Casa de Andaluc\u00eda en Barcelona (derecha) y el cantante Paco Candela, quien actu\u00f3 durante la cena del Andaluz del A\u00f1o.<\/figcaption><\/figure><\/a><\/div>\n\n\n\n<p>Asistieron autoridades de las principales instituciones catalanas y andaluzas, encabezadas por la consejera de Cultura de la Generalitat de Catalunya, Natalia Garriga; la presidenta de la Diputaci\u00f3n de Barcelona, N\u00faria Marin; el subdelegado del Gobierno espa\u00f1ol, Carlos Prieto; los concejales del Ayuntamiento de Barcelona Joan Ramon Riera, Albert Batlle, Jordi Mart\u00ed Galb\u00eds y Josep Bou y los diputados Roc\u00edo Garc\u00eda (PSC) y Mat\u00edas Alonso. Tambi\u00e9n hab\u00eda cargos municipales de diversas poblaciones catalanas. Desde Andaluc\u00eda se desplazaron el secretario general de Acci\u00f3n Exterior de la Junta, Enric Millo, y la alcaldesa de Villanueva de C\u00f3rdoba, poblaci\u00f3n natal de Justo Molinero, Mar\u00eda Dolores S\u00e1nchez.<\/p>\n\n\n\n<p>Durante la cena, presentada por el periodista radiof\u00f3nico Antonio Mench\u00f3n, actuaron el grupo de baile Jara\u2019s, la cantante Carmen Valenzuela y el <em>showman<\/em> y cantante Dami\u00e1n Porcel.<\/p>\n\n\n\n<p><\/p>\n\n\n\n<p><\/p>\n","protected":false},"excerpt":{"rendered":"<p>La Casa de Andaluc\u00eda en Barcelona ha homenajeado al empresario radiof\u00f3nico Justo Molinero con el t\u00edtulo de \u2018Andaluz del A\u00f1o 2020\u2019 en el curso de una cena que reuni\u00f3 anoche a autoridades, representantes de entidades culturales y amigos, hasta un total de trescientas personas. Las medidas sanitarias adoptadas como consecuencia de la pandemia hab\u00edan impedido [&hellip;]<\/p>\n","protected":false},"author":1,"featured_media":598,"comment_status":"open","ping_status":"open","sticky":false,"template":"","format":"standard","meta":{"footnotes":""},"categories":[19],"tags":[],"class_list":{"0":"post-595","1":"post","2":"type-post","3":"status-publish","4":"format-standard","5":"has-post-thumbnail","7":"category-actualidad"},"_links":{"self":[{"href":"https:\/\/raicesandaluzas.com\/revista\/wp-json\/wp\/v2\/posts\/595","targetHints":{"allow":["GET"]}}],"collection":[{"href":"https:\/\/raicesandaluzas.com\/revista\/wp-json\/wp\/v2\/posts"}],"about":[{"href":"https:\/\/raicesandaluzas.com\/revista\/wp-json\/wp\/v2\/types\/post"}],"author":[{"embeddable":true,"href":"https:\/\/raicesandaluzas.com\/revista\/wp-json\/wp\/v2\/users\/1"}],"replies":[{"embeddable":true,"href":"https:\/\/raicesandaluzas.com\/revista\/wp-json\/wp\/v2\/comments?post=595"}],"version-history":[{"count":1,"href":"https:\/\/raicesandaluzas.com\/revista\/wp-json\/wp\/v2\/posts\/595\/revisions"}],"predecessor-version":[{"id":599,"href":"https:\/\/raicesandaluzas.com\/revista\/wp-json\/wp\/v2\/posts\/595\/revisions\/599"}],"wp:featuredmedia":[{"embeddable":true,"href":"https:\/\/raicesandaluzas.com\/revista\/wp-json\/wp\/v2\/media\/598"}],"wp:attachment":[{"href":"https:\/\/raicesandaluzas.com\/revista\/wp-json\/wp\/v2\/media?parent=595"}],"wp:term":[{"taxonomy":"category","embeddable":true,"href":"https:\/\/raicesandaluzas.com\/revista\/wp-json\/wp\/v2\/categories?post=595"},{"taxonomy":"post_tag","embeddable":true,"href":"https:\/\/raicesandaluzas.com\/revista\/wp-json\/wp\/v2\/tags?post=595"}],"curies":[{"name":"wp","href":"https:\/\/api.w.org\/{rel}","templated":true}]}}