{"id":592,"date":"2022-02-03T12:37:59","date_gmt":"2022-02-03T12:37:59","guid":{"rendered":"http:\/\/raicesandaluzas.com\/revista\/?p=592"},"modified":"2022-02-03T12:38:00","modified_gmt":"2022-02-03T12:38:00","slug":"la-casa-de-andalucia-en-barcelona-entregara-manana-a-justo-molinero-el-titulo-de-andaluz-del-ano-2020","status":"publish","type":"post","link":"https:\/\/raicesandaluzas.com\/revista\/2022\/02\/03\/la-casa-de-andalucia-en-barcelona-entregara-manana-a-justo-molinero-el-titulo-de-andaluz-del-ano-2020\/","title":{"rendered":"La Casa de Andaluc\u00eda en Barcelona entregar\u00e1 ma\u00f1ana a Justo Molinero el t\u00edtulo de \u2018Andaluz del A\u00f1o 2020\u2019"},"content":{"rendered":"\n<p>La Casa de Andaluc\u00eda en Barcelona entregar\u00e1 ma\u00f1ana al empresario radiof\u00f3nico Justo Molinero el t\u00edtulo de \u2018Andaluz del A\u00f1o 2000\u2019 otorgado por esta entidad. Las medidas sanitarias adoptadas como consecuencia de la pandemia hab\u00edan impedido celebrar en su momento este acto de homenaje que finalmente tendr\u00e1 lugar este viernes, 4 de febrero, en el curso de una cena en el hotel Catalonia Plaza de Barcelona.<br>El galard\u00f3n supone un reconocimiento a una brillante carrera de 40 a\u00f1os como profesional de la comunicaci\u00f3n. Fundador de Radio Tele-Taxi como una modesta emisora en 1982 en Santa Coloma de Gramenet, a lo largo de su dilatada y exitosa trayectoria profesional ha llegado a gestionar una treintena de frecuencias de radio, adem\u00e1s de canales anal\u00f3gicos de televisi\u00f3n y de televisi\u00f3n digital terrestre y el sello discogr\u00e1fico Moval Music.<br>Nacido en Villanueva de C\u00f3rdoba en 1949, vino a trabajar a Catalu\u00f1a en 1967. Molinero constituye un ejemplo de convivencia al haber sabido mantenerse fiel a sus ra\u00edces culturales andaluzas al tiempo que se abr\u00eda a la sociedad catalana que le acogi\u00f3. Esa cultura de s\u00edntesis la ha trasladado a sus programas de radio y televisi\u00f3n donde indistintamente utiliza el castellano y el catal\u00e1n.<br>Aparte de la faceta informativa, el homenajeado destaca por su capacidad de movilizaci\u00f3n en conciertos musicales que han reunido a destacados artistas ante decenas de miles de espectadores. Tambi\u00e9n se ha implicado en campa\u00f1as institucionales de prevenci\u00f3n del sida, contra el tabaquismo o el maltrato a las mujeres y en favor del Estatut y de la normalizaci\u00f3n ling\u00fc\u00edstica.<br>Este compromiso c\u00edvico y rigor profesional le ha valido la concesi\u00f3n, este a\u00f1o, de la Creu de Sant Jordi por parte de la Generalitat de Catalunya. Anteriormente recibi\u00f3 un Premio Ondas de radio a la trayectoria profesional en 2006, el premio especial de radio de la Asociaci\u00f3n Espa\u00f1ola de Informadores de Prensa, Radio y Televisi\u00f3n en 2011 y una menci\u00f3n honor\u00edfica de R\u00e0dio Associaci\u00f3 de Catalunya, entre otras distinciones. Tambi\u00e9n ha sido galardonado por la FECAC y las fundaciones Josep Comaposada y Rafael Campalans.<\/p>\n\n\n\n<p>Durante la cena actuar\u00e1n el grupo de baile Jara\u2019s, la cantante Carmen Valenzuela y el showman y cantante Dami\u00e1n Porcel. Robert Espada, locutor de Radio Tele-Taxi, har\u00e1 la semblanza del homenajeado, como paso previo a la entrega del premio a cargo de Paquita Mar\u00edn, presidenta de la Casa de Andaluc\u00eda en Barcelona.<\/p>\n\n\n\n<p><strong>Una entidad con m\u00e1s de 50 a\u00f1os<\/strong><br>Presidida actualmente por Paquita Mar\u00edn, la Casa de Andaluc\u00eda en Barcelona fue fundada en 1969. Organiz\u00f3 las primeras ediciones de la Feria de Abril y de la romer\u00eda del Roc\u00edo en Catalu\u00f1a y sigue desarrollando una intensa actividad como el Concurso Nacional de Copla, la cena del Andaluz del A\u00f1o, los almuerzos de homenaje mensuales, exposiciones, muestras gastron\u00f3micas, presentaciones de libros y otros actos culturales y recreativos. Esta amplia actividad cultural le ha sido reconocida con la Medalla de Oro del Ayuntamiento de Barcelona y el \u201cCoraz\u00f3n de Olavidia\u201d del ayuntamiento de Carboneros (Ja\u00e9n), entre otras distinciones.<\/p>\n","protected":false},"excerpt":{"rendered":"<p>La Casa de Andaluc\u00eda en Barcelona entregar\u00e1 ma\u00f1ana al empresario radiof\u00f3nico Justo Molinero el t\u00edtulo de \u2018Andaluz del A\u00f1o 2000\u2019 otorgado por esta entidad. Las medidas sanitarias adoptadas como consecuencia de la pandemia hab\u00edan impedido celebrar en su momento este acto de homenaje que finalmente tendr\u00e1 lugar este viernes, 4 de febrero, en el curso [&hellip;]<\/p>\n","protected":false},"author":1,"featured_media":593,"comment_status":"open","ping_status":"open","sticky":false,"template":"","format":"standard","meta":{"footnotes":""},"categories":[19],"tags":[],"class_list":{"0":"post-592","1":"post","2":"type-post","3":"status-publish","4":"format-standard","5":"has-post-thumbnail","7":"category-actualidad"},"_links":{"self":[{"href":"https:\/\/raicesandaluzas.com\/revista\/wp-json\/wp\/v2\/posts\/592","targetHints":{"allow":["GET"]}}],"collection":[{"href":"https:\/\/raicesandaluzas.com\/revista\/wp-json\/wp\/v2\/posts"}],"about":[{"href":"https:\/\/raicesandaluzas.com\/revista\/wp-json\/wp\/v2\/types\/post"}],"author":[{"embeddable":true,"href":"https:\/\/raicesandaluzas.com\/revista\/wp-json\/wp\/v2\/users\/1"}],"replies":[{"embeddable":true,"href":"https:\/\/raicesandaluzas.com\/revista\/wp-json\/wp\/v2\/comments?post=592"}],"version-history":[{"count":1,"href":"https:\/\/raicesandaluzas.com\/revista\/wp-json\/wp\/v2\/posts\/592\/revisions"}],"predecessor-version":[{"id":594,"href":"https:\/\/raicesandaluzas.com\/revista\/wp-json\/wp\/v2\/posts\/592\/revisions\/594"}],"wp:featuredmedia":[{"embeddable":true,"href":"https:\/\/raicesandaluzas.com\/revista\/wp-json\/wp\/v2\/media\/593"}],"wp:attachment":[{"href":"https:\/\/raicesandaluzas.com\/revista\/wp-json\/wp\/v2\/media?parent=592"}],"wp:term":[{"taxonomy":"category","embeddable":true,"href":"https:\/\/raicesandaluzas.com\/revista\/wp-json\/wp\/v2\/categories?post=592"},{"taxonomy":"post_tag","embeddable":true,"href":"https:\/\/raicesandaluzas.com\/revista\/wp-json\/wp\/v2\/tags?post=592"}],"curies":[{"name":"wp","href":"https:\/\/api.w.org\/{rel}","templated":true}]}}