{"id":589,"date":"2022-01-31T12:53:15","date_gmt":"2022-01-31T12:53:15","guid":{"rendered":"http:\/\/raicesandaluzas.com\/revista\/?p=589"},"modified":"2022-01-31T12:53:16","modified_gmt":"2022-01-31T12:53:16","slug":"celebracion-de-santa-agueda-2022","status":"publish","type":"post","link":"https:\/\/raicesandaluzas.com\/revista\/2022\/01\/31\/celebracion-de-santa-agueda-2022\/","title":{"rendered":"Celebraci\u00f3n de Santa \u00c1gueda 2022"},"content":{"rendered":"\n<p>Este pr\u00f3ximo fin de semana, la Asociaci\u00f3n de Mujeres Cofrades de Barcelona y la Hermandad Ntra. Sra. del Roc\u00edo Los Romeros de Barcelona, en colaboraci\u00f3n con la Diputaci\u00f3 de Barcelona, organizan la celebraci\u00f3n de Santa \u00c1gueda 2022 con dos actos destacados. El primero, el s\u00e1bado, 5 de febrero, a las 18.30 horas en la parroquia de Sant Francesc Xavier, se llever\u00e1 a cabo la charla \u00abLa mujer en las misiones\u00bb a cargo del padre Jos\u00e9 Rubio, tras la cual se celebrar\u00e1 la eucarist\u00eda y se bendicir\u00e1n las \u00abTetillas de Santa \u00c1gueda\u00bb. Adem\u00e1s, la sede de la hermandad, en la calle Andreu Nin, 65 (local), acoger\u00e1 la exposici\u00f3n fotogr\u00e1fica \u00abLa palabra cofrade no tiene g\u00e9nero\u00bb.<\/p>\n","protected":false},"excerpt":{"rendered":"<p>Este pr\u00f3ximo fin de semana, la Asociaci\u00f3n de Mujeres Cofrades de Barcelona y la Hermandad Ntra. Sra. del Roc\u00edo Los Romeros de Barcelona, en colaboraci\u00f3n con la Diputaci\u00f3 de Barcelona, organizan la celebraci\u00f3n de Santa \u00c1gueda 2022 con dos actos destacados. El primero, el s\u00e1bado, 5 de febrero, a las 18.30 horas en la parroquia [&hellip;]<\/p>\n","protected":false},"author":1,"featured_media":590,"comment_status":"open","ping_status":"open","sticky":false,"template":"","format":"standard","meta":{"footnotes":""},"categories":[19],"tags":[],"class_list":{"0":"post-589","1":"post","2":"type-post","3":"status-publish","4":"format-standard","5":"has-post-thumbnail","7":"category-actualidad"},"_links":{"self":[{"href":"https:\/\/raicesandaluzas.com\/revista\/wp-json\/wp\/v2\/posts\/589","targetHints":{"allow":["GET"]}}],"collection":[{"href":"https:\/\/raicesandaluzas.com\/revista\/wp-json\/wp\/v2\/posts"}],"about":[{"href":"https:\/\/raicesandaluzas.com\/revista\/wp-json\/wp\/v2\/types\/post"}],"author":[{"embeddable":true,"href":"https:\/\/raicesandaluzas.com\/revista\/wp-json\/wp\/v2\/users\/1"}],"replies":[{"embeddable":true,"href":"https:\/\/raicesandaluzas.com\/revista\/wp-json\/wp\/v2\/comments?post=589"}],"version-history":[{"count":1,"href":"https:\/\/raicesandaluzas.com\/revista\/wp-json\/wp\/v2\/posts\/589\/revisions"}],"predecessor-version":[{"id":591,"href":"https:\/\/raicesandaluzas.com\/revista\/wp-json\/wp\/v2\/posts\/589\/revisions\/591"}],"wp:featuredmedia":[{"embeddable":true,"href":"https:\/\/raicesandaluzas.com\/revista\/wp-json\/wp\/v2\/media\/590"}],"wp:attachment":[{"href":"https:\/\/raicesandaluzas.com\/revista\/wp-json\/wp\/v2\/media?parent=589"}],"wp:term":[{"taxonomy":"category","embeddable":true,"href":"https:\/\/raicesandaluzas.com\/revista\/wp-json\/wp\/v2\/categories?post=589"},{"taxonomy":"post_tag","embeddable":true,"href":"https:\/\/raicesandaluzas.com\/revista\/wp-json\/wp\/v2\/tags?post=589"}],"curies":[{"name":"wp","href":"https:\/\/api.w.org\/{rel}","templated":true}]}}