{"id":581,"date":"2022-01-11T10:49:35","date_gmt":"2022-01-11T10:49:35","guid":{"rendered":"http:\/\/raicesandaluzas.com\/revista\/?p=581"},"modified":"2022-01-11T10:50:03","modified_gmt":"2022-01-11T10:50:03","slug":"muere-jose-rojo-presidente-de-la-hermandad-ntra-sra-del-rocio-santo-angel","status":"publish","type":"post","link":"https:\/\/raicesandaluzas.com\/revista\/2022\/01\/11\/muere-jose-rojo-presidente-de-la-hermandad-ntra-sra-del-rocio-santo-angel\/","title":{"rendered":"Muere Jos\u00e9 Rojo, presidente de la Hermandad Ntra. Sra. del Roc\u00edo Santo \u00c1ngel"},"content":{"rendered":"\n<p>El movimiento rociero en tierras catalanas se despide hoy de una de sus figuras clave. Jos\u00e9 Rojo, presidente de la Hermandad Nuestra Se\u00f1ora del Roc\u00edo Santo \u00c1ngel de Barcelona desde 1999 ha fallecido. Desde su cuenta personal de Facebook, el presidente de la Federaci\u00f3n de Entidades Culturales Andaluzas en Catalunya (FECAC), Daniel Salinero, con quien comparti\u00f3 legislaturas en la junta directiva de la federaci\u00f3n, ha manifestado su estima por su \u00abamigo, compa\u00f1ero, fiel escudero, maestro, confidente, consejero\u00bb. <\/p>\n\n\n\n<p>Desde la redacci\u00f3n de Ra\u00edces Andaluzas, cuyos miembros tuvimos un trato muy cercano con Rojo, m\u00e1s personal que profesional, queremos expresar nuestro p\u00e9same a la familia y amigos de una gran persona. Descansa en Paz.  <\/p>\n","protected":false},"excerpt":{"rendered":"<p>El movimiento rociero en tierras catalanas se despide hoy de una de sus figuras clave. Jos\u00e9 Rojo, presidente de la Hermandad Nuestra Se\u00f1ora del Roc\u00edo Santo \u00c1ngel de Barcelona desde 1999 ha fallecido. Desde su cuenta personal de Facebook, el presidente de la Federaci\u00f3n de Entidades Culturales Andaluzas en Catalunya (FECAC), Daniel Salinero, con quien [&hellip;]<\/p>\n","protected":false},"author":1,"featured_media":582,"comment_status":"open","ping_status":"open","sticky":false,"template":"","format":"standard","meta":{"footnotes":""},"categories":[19,21],"tags":[],"class_list":{"0":"post-581","1":"post","2":"type-post","3":"status-publish","4":"format-standard","5":"has-post-thumbnail","7":"category-actualidad","8":"category-raices-rocieras"},"_links":{"self":[{"href":"https:\/\/raicesandaluzas.com\/revista\/wp-json\/wp\/v2\/posts\/581","targetHints":{"allow":["GET"]}}],"collection":[{"href":"https:\/\/raicesandaluzas.com\/revista\/wp-json\/wp\/v2\/posts"}],"about":[{"href":"https:\/\/raicesandaluzas.com\/revista\/wp-json\/wp\/v2\/types\/post"}],"author":[{"embeddable":true,"href":"https:\/\/raicesandaluzas.com\/revista\/wp-json\/wp\/v2\/users\/1"}],"replies":[{"embeddable":true,"href":"https:\/\/raicesandaluzas.com\/revista\/wp-json\/wp\/v2\/comments?post=581"}],"version-history":[{"count":1,"href":"https:\/\/raicesandaluzas.com\/revista\/wp-json\/wp\/v2\/posts\/581\/revisions"}],"predecessor-version":[{"id":583,"href":"https:\/\/raicesandaluzas.com\/revista\/wp-json\/wp\/v2\/posts\/581\/revisions\/583"}],"wp:featuredmedia":[{"embeddable":true,"href":"https:\/\/raicesandaluzas.com\/revista\/wp-json\/wp\/v2\/media\/582"}],"wp:attachment":[{"href":"https:\/\/raicesandaluzas.com\/revista\/wp-json\/wp\/v2\/media?parent=581"}],"wp:term":[{"taxonomy":"category","embeddable":true,"href":"https:\/\/raicesandaluzas.com\/revista\/wp-json\/wp\/v2\/categories?post=581"},{"taxonomy":"post_tag","embeddable":true,"href":"https:\/\/raicesandaluzas.com\/revista\/wp-json\/wp\/v2\/tags?post=581"}],"curies":[{"name":"wp","href":"https:\/\/api.w.org\/{rel}","templated":true}]}}