{"id":571,"date":"2021-12-13T12:31:56","date_gmt":"2021-12-13T12:31:56","guid":{"rendered":"http:\/\/raicesandaluzas.com\/revista\/?p=571"},"modified":"2021-12-13T12:31:58","modified_gmt":"2021-12-13T12:31:58","slug":"jose-manuel-segovia-canela-hijo-gana-el-yunque-flamenco-de-plata-del-concurso-nacional-de-fecac","status":"publish","type":"post","link":"https:\/\/raicesandaluzas.com\/revista\/2021\/12\/13\/jose-manuel-segovia-canela-hijo-gana-el-yunque-flamenco-de-plata-del-concurso-nacional-de-fecac\/","title":{"rendered":"Jos\u00e9 Manuel Segovia \u201cCanela hijo\u201d gana el Yunque Flamenco de plata del concurso nacional de FECAC"},"content":{"rendered":"\n<p>El cantaor Jos\u00e9 Manuel Segovia Cort\u00e9s \u201cCanela hijo\u201d, de San Roque (C\u00e1diz), se ha adjudicado el Yunque de Plata como vencedor del XXIII Concurso Nacional de Cante Yunque Flamenco, organizado por la Federaci\u00f3n de Entidades Culturales Andaluzas en Catalunya (FECAC), cuya final tuvo lugar anoche en el Petit Palau del Palau de la M\u00fasica Catalana, en Barcelona.<\/p>\n\n\n\n<p>El premio, adem\u00e1s del Yunque de Plata, tiene una dotaci\u00f3n de 6.000 euros en met\u00e1lico y un diploma que recibi\u00f3 de manos de Carlos Prieto, subdelegado del Gobierno espa\u00f1ol en Barcelona.<\/p>\n\n\n\n<div><a href=\"https:\/\/raicesandaluzas.com\/revista\/wp-content\/uploads\/2021\/12\/Yunque2021_01.jpg\" class=\"td-modal-image\"><figure class=\"wp-block-image size-full\"><img loading=\"lazy\" decoding=\"async\" width=\"800\" height=\"614\" src=\"https:\/\/raicesandaluzas.com\/revista\/wp-content\/uploads\/2021\/12\/Yunque2021_01.jpg\" alt=\"\" class=\"wp-image-572\" srcset=\"https:\/\/raicesandaluzas.com\/revista\/wp-content\/uploads\/2021\/12\/Yunque2021_01.jpg 800w, https:\/\/raicesandaluzas.com\/revista\/wp-content\/uploads\/2021\/12\/Yunque2021_01-300x230.jpg 300w, https:\/\/raicesandaluzas.com\/revista\/wp-content\/uploads\/2021\/12\/Yunque2021_01-768x589.jpg 768w, https:\/\/raicesandaluzas.com\/revista\/wp-content\/uploads\/2021\/12\/Yunque2021_01-696x534.jpg 696w, https:\/\/raicesandaluzas.com\/revista\/wp-content\/uploads\/2021\/12\/Yunque2021_01-547x420.jpg 547w, https:\/\/raicesandaluzas.com\/revista\/wp-content\/uploads\/2021\/12\/Yunque2021_01-80x60.jpg 80w\" sizes=\"auto, (max-width: 800px) 100vw, 800px\" \/><figcaption>Jos\u00e9 Manuel Segovia recogiendo el Yunque de Plata.<\/figcaption><\/figure><\/a><\/div>\n\n\n\n<p>El segundo clasificado fue Gregorio Javier Miranda Luna \u201cBernardo Miranda\u201d, de C\u00f3rdoba, con un premio de 2.500 euros y diploma, y el tercero, Juan Jos\u00e9 Navarro Callejo \u201cJuan de Mairena\u201d, de Mairena del Alcor (Sevilla), que recibe 1.500 euros y diploma. Los otros dos finalistas, \u201cJes\u00fas Pechuguita\u201d y Marta Garc\u00eda \u201cMarta la ni\u00f1a\u201d, obtuvieron sendos acc\u00e9sits de 1.000 euros y diploma.<\/p>\n\n\n\n<p>Adem\u00e1s, se repartieron dos premios m\u00e1s. Uno, para el mejor clasificado de Catalu\u00f1a, donado por la Casa de Andaluc\u00eda de Cerdanyola y que lleva el nombre de Miguel Ramos, recientemente fallecido, para Laura Marchal, y el otro para el mejor clasificado menor de 25 a\u00f1os, otorgado por el Centro Andaluz Tertulia Flamenca de Badalona, correspondi\u00f3 a Lidia Rodriguez Gonz\u00e1lez, procedente de Paradas (Sevilla).<\/p>\n\n\n\n<figure class=\"wp-block-gallery columns-2 is-cropped wp-block-gallery-1 is-layout-flex wp-block-gallery-is-layout-flex\"><ul class=\"blocks-gallery-grid\"><li class=\"blocks-gallery-item\"><figure><img loading=\"lazy\" decoding=\"async\" width=\"1000\" height=\"750\" src=\"https:\/\/raicesandaluzas.com\/revista\/wp-content\/uploads\/2021\/12\/Yunque2021_03.jpg\" alt=\"\" data-id=\"573\" data-full-url=\"https:\/\/raicesandaluzas.com\/revista\/wp-content\/uploads\/2021\/12\/Yunque2021_03.jpg\" data-link=\"https:\/\/raicesandaluzas.com\/revista\/?attachment_id=573\" class=\"wp-image-573\" srcset=\"https:\/\/raicesandaluzas.com\/revista\/wp-content\/uploads\/2021\/12\/Yunque2021_03.jpg 1000w, https:\/\/raicesandaluzas.com\/revista\/wp-content\/uploads\/2021\/12\/Yunque2021_03-300x225.jpg 300w, https:\/\/raicesandaluzas.com\/revista\/wp-content\/uploads\/2021\/12\/Yunque2021_03-768x576.jpg 768w, https:\/\/raicesandaluzas.com\/revista\/wp-content\/uploads\/2021\/12\/Yunque2021_03-696x522.jpg 696w, https:\/\/raicesandaluzas.com\/revista\/wp-content\/uploads\/2021\/12\/Yunque2021_03-560x420.jpg 560w, https:\/\/raicesandaluzas.com\/revista\/wp-content\/uploads\/2021\/12\/Yunque2021_03-80x60.jpg 80w, https:\/\/raicesandaluzas.com\/revista\/wp-content\/uploads\/2021\/12\/Yunque2021_03-265x198.jpg 265w\" sizes=\"auto, (max-width: 1000px) 100vw, 1000px\" \/><figcaption class=\"blocks-gallery-item__caption\">Laura Marchal, premio al residente en Catalunya.<\/figcaption><\/figure><\/li><li class=\"blocks-gallery-item\"><figure><img loading=\"lazy\" decoding=\"async\" width=\"1000\" height=\"750\" src=\"https:\/\/raicesandaluzas.com\/revista\/wp-content\/uploads\/2021\/12\/Yunque2021_04.jpg\" alt=\"\" data-id=\"574\" data-full-url=\"https:\/\/raicesandaluzas.com\/revista\/wp-content\/uploads\/2021\/12\/Yunque2021_04.jpg\" data-link=\"https:\/\/raicesandaluzas.com\/revista\/?attachment_id=574\" class=\"wp-image-574\" srcset=\"https:\/\/raicesandaluzas.com\/revista\/wp-content\/uploads\/2021\/12\/Yunque2021_04.jpg 1000w, https:\/\/raicesandaluzas.com\/revista\/wp-content\/uploads\/2021\/12\/Yunque2021_04-300x225.jpg 300w, https:\/\/raicesandaluzas.com\/revista\/wp-content\/uploads\/2021\/12\/Yunque2021_04-768x576.jpg 768w, https:\/\/raicesandaluzas.com\/revista\/wp-content\/uploads\/2021\/12\/Yunque2021_04-696x522.jpg 696w, https:\/\/raicesandaluzas.com\/revista\/wp-content\/uploads\/2021\/12\/Yunque2021_04-560x420.jpg 560w, https:\/\/raicesandaluzas.com\/revista\/wp-content\/uploads\/2021\/12\/Yunque2021_04-80x60.jpg 80w, https:\/\/raicesandaluzas.com\/revista\/wp-content\/uploads\/2021\/12\/Yunque2021_04-265x198.jpg 265w\" sizes=\"auto, (max-width: 1000px) 100vw, 1000px\" \/><\/figure><\/li><li class=\"blocks-gallery-item\"><figure><img loading=\"lazy\" decoding=\"async\" width=\"1000\" height=\"750\" src=\"https:\/\/raicesandaluzas.com\/revista\/wp-content\/uploads\/2021\/12\/Yunque2021_05.jpg\" alt=\"\" data-id=\"575\" data-full-url=\"https:\/\/raicesandaluzas.com\/revista\/wp-content\/uploads\/2021\/12\/Yunque2021_05.jpg\" data-link=\"https:\/\/raicesandaluzas.com\/revista\/?attachment_id=575\" class=\"wp-image-575\" srcset=\"https:\/\/raicesandaluzas.com\/revista\/wp-content\/uploads\/2021\/12\/Yunque2021_05.jpg 1000w, https:\/\/raicesandaluzas.com\/revista\/wp-content\/uploads\/2021\/12\/Yunque2021_05-300x225.jpg 300w, https:\/\/raicesandaluzas.com\/revista\/wp-content\/uploads\/2021\/12\/Yunque2021_05-768x576.jpg 768w, https:\/\/raicesandaluzas.com\/revista\/wp-content\/uploads\/2021\/12\/Yunque2021_05-696x522.jpg 696w, https:\/\/raicesandaluzas.com\/revista\/wp-content\/uploads\/2021\/12\/Yunque2021_05-560x420.jpg 560w, https:\/\/raicesandaluzas.com\/revista\/wp-content\/uploads\/2021\/12\/Yunque2021_05-80x60.jpg 80w, https:\/\/raicesandaluzas.com\/revista\/wp-content\/uploads\/2021\/12\/Yunque2021_05-265x198.jpg 265w\" sizes=\"auto, (max-width: 1000px) 100vw, 1000px\" \/><figcaption class=\"blocks-gallery-item__caption\">Lidia Rodr\u00edguez, premio menor de 25 a\u00f1os.<\/figcaption><\/figure><\/li><li class=\"blocks-gallery-item\"><figure><img loading=\"lazy\" decoding=\"async\" width=\"1000\" height=\"750\" src=\"https:\/\/raicesandaluzas.com\/revista\/wp-content\/uploads\/2021\/12\/Yunque2021_06.jpg\" alt=\"\" data-id=\"576\" data-full-url=\"https:\/\/raicesandaluzas.com\/revista\/wp-content\/uploads\/2021\/12\/Yunque2021_06.jpg\" data-link=\"https:\/\/raicesandaluzas.com\/revista\/?attachment_id=576\" class=\"wp-image-576\" srcset=\"https:\/\/raicesandaluzas.com\/revista\/wp-content\/uploads\/2021\/12\/Yunque2021_06.jpg 1000w, https:\/\/raicesandaluzas.com\/revista\/wp-content\/uploads\/2021\/12\/Yunque2021_06-300x225.jpg 300w, https:\/\/raicesandaluzas.com\/revista\/wp-content\/uploads\/2021\/12\/Yunque2021_06-768x576.jpg 768w, https:\/\/raicesandaluzas.com\/revista\/wp-content\/uploads\/2021\/12\/Yunque2021_06-696x522.jpg 696w, https:\/\/raicesandaluzas.com\/revista\/wp-content\/uploads\/2021\/12\/Yunque2021_06-560x420.jpg 560w, https:\/\/raicesandaluzas.com\/revista\/wp-content\/uploads\/2021\/12\/Yunque2021_06-80x60.jpg 80w, https:\/\/raicesandaluzas.com\/revista\/wp-content\/uploads\/2021\/12\/Yunque2021_06-265x198.jpg 265w\" sizes=\"auto, (max-width: 1000px) 100vw, 1000px\" \/><\/figure><\/li><\/ul><\/figure>\n\n\n\n<p>Esta edici\u00f3n del Concurso hab\u00eda reunido en la fase clasificatoria un total de 117 candidatos.<\/p>\n\n\n\n<p>El jurado estaba compuesto por Francisco M\u00e1rmol, presidente, Rafael Ruiz, Paco Vargas, Manuel Curao, Montse Madridejos, David Pino y Nuria Do\u00f1oro, secretaria.<\/p>\n\n\n\n<p>En la gala, presentada por Manuel Calder\u00f3n, se ha rendido tambi\u00e9n homenaje a la cantaora linarense Carmen Pacheco Rodriguez \u201cCarmen Linares\u201d, que recibi\u00f3 de manos de Antonio Campuzano un \u201cYunque de Plata\u201d honorifico como reconocimiento a sus cuarenta a\u00f1os de brillante carrera art\u00edstica con notable proyecci\u00f3n internacional.<\/p>\n\n\n\n<figure class=\"wp-block-image size-large\"><img loading=\"lazy\" decoding=\"async\" width=\"949\" height=\"1024\" src=\"https:\/\/raicesandaluzas.com\/revista\/wp-content\/uploads\/2021\/12\/Yunque2021_07-949x1024.jpg\" alt=\"\" class=\"wp-image-577\" srcset=\"https:\/\/raicesandaluzas.com\/revista\/wp-content\/uploads\/2021\/12\/Yunque2021_07-949x1024.jpg 949w, https:\/\/raicesandaluzas.com\/revista\/wp-content\/uploads\/2021\/12\/Yunque2021_07-278x300.jpg 278w, https:\/\/raicesandaluzas.com\/revista\/wp-content\/uploads\/2021\/12\/Yunque2021_07-768x829.jpg 768w, https:\/\/raicesandaluzas.com\/revista\/wp-content\/uploads\/2021\/12\/Yunque2021_07-696x751.jpg 696w, https:\/\/raicesandaluzas.com\/revista\/wp-content\/uploads\/2021\/12\/Yunque2021_07-389x420.jpg 389w, https:\/\/raicesandaluzas.com\/revista\/wp-content\/uploads\/2021\/12\/Yunque2021_07.jpg 1000w\" sizes=\"auto, (max-width: 949px) 100vw, 949px\" \/><figcaption>Carmen Linares recibe de la mano de Daniel Salinero, presidente de la FECAC, el reconocimiento a 30 a\u00f1os de carrera art\u00edstica. <\/figcaption><\/figure>\n","protected":false},"excerpt":{"rendered":"<p>El cantaor Jos\u00e9 Manuel Segovia Cort\u00e9s \u201cCanela hijo\u201d, de San Roque (C\u00e1diz), se ha adjudicado el Yunque de Plata como vencedor del XXIII Concurso Nacional de Cante Yunque Flamenco, organizado por la Federaci\u00f3n de Entidades Culturales Andaluzas en Catalunya (FECAC), cuya final tuvo lugar anoche en el Petit Palau del Palau de la M\u00fasica Catalana, [&hellip;]<\/p>\n","protected":false},"author":1,"featured_media":578,"comment_status":"open","ping_status":"open","sticky":false,"template":"","format":"standard","meta":{"footnotes":""},"categories":[19,22],"tags":[],"class_list":{"0":"post-571","1":"post","2":"type-post","3":"status-publish","4":"format-standard","5":"has-post-thumbnail","7":"category-actualidad","8":"category-flamenco"},"_links":{"self":[{"href":"https:\/\/raicesandaluzas.com\/revista\/wp-json\/wp\/v2\/posts\/571","targetHints":{"allow":["GET"]}}],"collection":[{"href":"https:\/\/raicesandaluzas.com\/revista\/wp-json\/wp\/v2\/posts"}],"about":[{"href":"https:\/\/raicesandaluzas.com\/revista\/wp-json\/wp\/v2\/types\/post"}],"author":[{"embeddable":true,"href":"https:\/\/raicesandaluzas.com\/revista\/wp-json\/wp\/v2\/users\/1"}],"replies":[{"embeddable":true,"href":"https:\/\/raicesandaluzas.com\/revista\/wp-json\/wp\/v2\/comments?post=571"}],"version-history":[{"count":1,"href":"https:\/\/raicesandaluzas.com\/revista\/wp-json\/wp\/v2\/posts\/571\/revisions"}],"predecessor-version":[{"id":579,"href":"https:\/\/raicesandaluzas.com\/revista\/wp-json\/wp\/v2\/posts\/571\/revisions\/579"}],"wp:featuredmedia":[{"embeddable":true,"href":"https:\/\/raicesandaluzas.com\/revista\/wp-json\/wp\/v2\/media\/578"}],"wp:attachment":[{"href":"https:\/\/raicesandaluzas.com\/revista\/wp-json\/wp\/v2\/media?parent=571"}],"wp:term":[{"taxonomy":"category","embeddable":true,"href":"https:\/\/raicesandaluzas.com\/revista\/wp-json\/wp\/v2\/categories?post=571"},{"taxonomy":"post_tag","embeddable":true,"href":"https:\/\/raicesandaluzas.com\/revista\/wp-json\/wp\/v2\/tags?post=571"}],"curies":[{"name":"wp","href":"https:\/\/api.w.org\/{rel}","templated":true}]}}