{"id":557,"date":"2021-12-10T12:17:09","date_gmt":"2021-12-10T12:17:09","guid":{"rendered":"http:\/\/raicesandaluzas.com\/revista\/?p=557"},"modified":"2021-12-10T12:17:10","modified_gmt":"2021-12-10T12:17:10","slug":"cinco-finalistas-optan-al-yunque-flamenco-de-plata","status":"publish","type":"post","link":"https:\/\/raicesandaluzas.com\/revista\/2021\/12\/10\/cinco-finalistas-optan-al-yunque-flamenco-de-plata\/","title":{"rendered":"Cinco finalistas optan al Yunque Flamenco de plata"},"content":{"rendered":"\n<p>Cinco cantaores concurren a la gala final del XXIII Concurso Nacional de Cante Yunque Flamenco, organizado por la Federaci\u00f3n de Entidades Culturales Andaluzas en Catalunya (FECAC), que tendr\u00e1 lugar este s\u00e1bado, 11 de diciembre, a las 19:30 horas en el Petit Palau del Palau de la M\u00fasica Catalana, en Barcelona.<\/p>\n\n\n\n<p>Los finalistas del certamen, uno de los m\u00e1s prestigiosos de Espa\u00f1a en su g\u00e9nero, son Jes\u00fas Pechuguita, de Coria del R\u00edo (Sevilla); Marta la Ni\u00f1a, de Hu\u00e9tor Vega (Granada), Bernardo Miranda, de C\u00f3rdoba; Juan de Mairena, de Mairena del Alcor (Sevilla) y Canela Hijo, de San Roque (C\u00e1diz), clasificados despu\u00e9s de una dura selecci\u00f3n entre los 117 candidatos que concurrieron al certamen.<\/p>\n\n\n\n<p>Presentar\u00e1 la gala final Manuel Calder\u00f3n y los guitarristas que acompa\u00f1ar\u00e1n en la interpretaci\u00f3n a los cantaores son Antonio Carri\u00f3n y Paco Garfia.<\/p>\n\n\n\n<p>El premio para el ganador ser\u00e1 el Yunque de Plata, 6.000 euros en met\u00e1lico y un diploma. El segundo y tercer clasificado recibir\u00e1n 2.500 y 1.500 euros, respectivamente, adem\u00e1s del correspondiente diploma. Habr\u00e1 adem\u00e1s dos acc\u00e9sits de 1.000 euros y diploma. Aparte, hay dos premios m\u00e1s. Uno, para el mejor clasificado de Catalu\u00f1a, donado por la Casa de Andaluc\u00eda de Cerdanyola, y otro para el mejor clasificado menor de 25 a\u00f1os, por el Centro Andaluz Tertulia Flamenca de Badalona.<\/p>\n\n\n\n<p>El jurado que deliberar\u00e1 y otorgar\u00e1 los premios est\u00e1 compuesto por Francisco M\u00e1rmol, presidente, Rafael Ruiz, Paco Vargas, Manuel Curao, Montse Madridejos, David Pino y Nuria Do\u00f1oro, secretaria.<\/p>\n\n\n\n<p>En esta edici\u00f3n se rinde homenaje asimismo a la cantaora linarense Carmen Pacheco Rodriguez \u201cCarmen Linares\u201d a quien se le har\u00e1 la entrega del especial \u201cYunque de Plata\u201d honorifico como reconocimiento a cuarenta a\u00f1os de brillante carrera art\u00edstica con notable proyecci\u00f3n internacional. <\/p>\n\n\n\n<div><a href=\"https:\/\/raicesandaluzas.com\/revista\/wp-content\/uploads\/2021\/12\/Carmen-Linares-1024x683.jpg\" class=\"td-modal-image\"><figure class=\"wp-block-image size-large\"><img loading=\"lazy\" decoding=\"async\" width=\"1024\" height=\"683\" src=\"https:\/\/raicesandaluzas.com\/revista\/wp-content\/uploads\/2021\/12\/Carmen-Linares-1024x683.jpg\" alt=\"\" class=\"wp-image-558\" srcset=\"https:\/\/raicesandaluzas.com\/revista\/wp-content\/uploads\/2021\/12\/Carmen-Linares-1024x683.jpg 1024w, https:\/\/raicesandaluzas.com\/revista\/wp-content\/uploads\/2021\/12\/Carmen-Linares-300x200.jpg 300w, https:\/\/raicesandaluzas.com\/revista\/wp-content\/uploads\/2021\/12\/Carmen-Linares-768x512.jpg 768w, https:\/\/raicesandaluzas.com\/revista\/wp-content\/uploads\/2021\/12\/Carmen-Linares-696x464.jpg 696w, https:\/\/raicesandaluzas.com\/revista\/wp-content\/uploads\/2021\/12\/Carmen-Linares-1068x712.jpg 1068w, https:\/\/raicesandaluzas.com\/revista\/wp-content\/uploads\/2021\/12\/Carmen-Linares-630x420.jpg 630w, https:\/\/raicesandaluzas.com\/revista\/wp-content\/uploads\/2021\/12\/Carmen-Linares.jpg 1200w\" sizes=\"auto, (max-width: 1024px) 100vw, 1024px\" \/><\/figure><\/a><\/div>\n\n\n\n<p>Carmen Linares comenz\u00f3 su carrera en solitario en 1980 acompa\u00f1ada por Juan y Pepe Habichuela. En los festivales andaluces aprendi\u00f3 y comparti\u00f3 cartel cantando con figuras del cante flamenco como Camar\u00f3n de la Isla, Enrique Morente y Jos\u00e9 Merc\u00e9.<\/p>\n\n\n\n<p>En los a\u00f1os noventa se consolid\u00f3 como la \u00fanica voz de mujer en esa extraordinaria generaci\u00f3n. Se reivindic\u00f3 y grab\u00f3 discos hist\u00f3ricos como \u201c<em>Canciones Populares de Lorca<\/em>\u201d y \u201c<em>Antolog\u00eda de la Mujer<\/em>\u201d. Fue la cantaora elegida para girar internacionalmente \u201c<em>El Amor Brujo<\/em>\u201d con orquestas sinf\u00f3nicas y adem\u00e1s present\u00f3 sus espect\u00e1culos en lugares tan prestigiosos como Nueva<br>York, Sidney, Paris y Tokio.<\/p>\n\n\n\n<p>Ha escrito con letras de oro los \u00faltimos veinte a\u00f1os de historia de la cultura musical espa\u00f1ola: Premio Nacional de M\u00fasica 2001, espect\u00e1culo lorquiano en el Generalife de Granada con Blanca L\u00ed, giras internacionales, creaci\u00f3n de su propio sello discogr\u00e1fico, duetos inolvidables con Serrat, Miguel Poveda y Silvia P\u00e9rez Cruz, 20 t\u00edtulos entre discos propios y colaboraciones y, por supuesto el \u00e9xito en Nueva York con actuaci\u00f3n hist\u00f3rica en el Carnegie Hall 2018 y Premio World Music de la Universidad de Berkeley en 2019.<\/p>\n\n\n\n<p>Carmen Linares est\u00e1 celebrando su 40 aniversario con un espect\u00e1culo extraordinario. \u201cCantaora: 40 a\u00f1os de flamenco\u201des un concierto con un repertorio imprescindible que la ha encumbrado como una leyenda del flamenco. Un programa que destaca su antolog\u00eda de cantes de mujer, el Cancionero de Federico Garc\u00eda Lorca y sus homenajes a Enrique Morente y Mercedes Sosa. Una noche muy especial en la que Carmen Linares nos canta la identidad musical de Andaluc\u00eda y la esencia dram\u00e1tica de los versos de nuestros poetas universales.<\/p>\n","protected":false},"excerpt":{"rendered":"<p>Cinco cantaores concurren a la gala final del XXIII Concurso Nacional de Cante Yunque Flamenco, organizado por la Federaci\u00f3n de Entidades Culturales Andaluzas en Catalunya (FECAC), que tendr\u00e1 lugar este s\u00e1bado, 11 de diciembre, a las 19:30 horas en el Petit Palau del Palau de la M\u00fasica Catalana, en Barcelona. Los finalistas del certamen, uno [&hellip;]<\/p>\n","protected":false},"author":1,"featured_media":530,"comment_status":"open","ping_status":"open","sticky":false,"template":"","format":"standard","meta":{"footnotes":""},"categories":[19,22],"tags":[],"class_list":{"0":"post-557","1":"post","2":"type-post","3":"status-publish","4":"format-standard","5":"has-post-thumbnail","7":"category-actualidad","8":"category-flamenco"},"_links":{"self":[{"href":"https:\/\/raicesandaluzas.com\/revista\/wp-json\/wp\/v2\/posts\/557","targetHints":{"allow":["GET"]}}],"collection":[{"href":"https:\/\/raicesandaluzas.com\/revista\/wp-json\/wp\/v2\/posts"}],"about":[{"href":"https:\/\/raicesandaluzas.com\/revista\/wp-json\/wp\/v2\/types\/post"}],"author":[{"embeddable":true,"href":"https:\/\/raicesandaluzas.com\/revista\/wp-json\/wp\/v2\/users\/1"}],"replies":[{"embeddable":true,"href":"https:\/\/raicesandaluzas.com\/revista\/wp-json\/wp\/v2\/comments?post=557"}],"version-history":[{"count":1,"href":"https:\/\/raicesandaluzas.com\/revista\/wp-json\/wp\/v2\/posts\/557\/revisions"}],"predecessor-version":[{"id":559,"href":"https:\/\/raicesandaluzas.com\/revista\/wp-json\/wp\/v2\/posts\/557\/revisions\/559"}],"wp:featuredmedia":[{"embeddable":true,"href":"https:\/\/raicesandaluzas.com\/revista\/wp-json\/wp\/v2\/media\/530"}],"wp:attachment":[{"href":"https:\/\/raicesandaluzas.com\/revista\/wp-json\/wp\/v2\/media?parent=557"}],"wp:term":[{"taxonomy":"category","embeddable":true,"href":"https:\/\/raicesandaluzas.com\/revista\/wp-json\/wp\/v2\/categories?post=557"},{"taxonomy":"post_tag","embeddable":true,"href":"https:\/\/raicesandaluzas.com\/revista\/wp-json\/wp\/v2\/tags?post=557"}],"curies":[{"name":"wp","href":"https:\/\/api.w.org\/{rel}","templated":true}]}}