{"id":550,"date":"2021-12-03T10:36:35","date_gmt":"2021-12-03T10:36:35","guid":{"rendered":"http:\/\/raicesandaluzas.com\/revista\/?p=550"},"modified":"2021-12-03T10:36:35","modified_gmt":"2021-12-03T10:36:35","slug":"el-centro-cultural-andaluz-de-mollet-del-valles-celebra-su-tertulia-de-villancicos","status":"publish","type":"post","link":"https:\/\/raicesandaluzas.com\/revista\/2021\/12\/03\/el-centro-cultural-andaluz-de-mollet-del-valles-celebra-su-tertulia-de-villancicos\/","title":{"rendered":"El Centro Cultural Andaluz de Mollet del Vall\u00e9s celebra su Tertulia de Villancicos"},"content":{"rendered":"\n<p>El pr\u00f3ximo s\u00e1bado, 11 de diciembre, el Teatre de Can Gom\u00e0 ser\u00e1 la sede de la Tertulia de Villancicos del Centro Cultural Andaluz de Mollet del Vall\u00e9s. En el acto, que comenzar\u00e1 a las 19 horas y tendr\u00e1 entrada gratuita, contar\u00e1 con las actuaciones del Coro de la entidad \u00abAmigos del Roc\u00edo\u00bb, y los coros invitados \u00abZahara de la Sierra\u00bb de Viladecans, el Coro Rociero C.C.A. Plaza Macael de Esplugues de Llobregat, y el Coro Rociero \u00abRa\u00edces\u00bb de la Casa de Sevilla de Sant Boi.  <\/p>\n","protected":false},"excerpt":{"rendered":"<p>El pr\u00f3ximo s\u00e1bado, 11 de diciembre, el Teatre de Can Gom\u00e0 ser\u00e1 la sede de la Tertulia de Villancicos del Centro Cultural Andaluz de Mollet del Vall\u00e9s. En el acto, que comenzar\u00e1 a las 19 horas y tendr\u00e1 entrada gratuita, contar\u00e1 con las actuaciones del Coro de la entidad \u00abAmigos del Roc\u00edo\u00bb, y los coros [&hellip;]<\/p>\n","protected":false},"author":1,"featured_media":551,"comment_status":"open","ping_status":"open","sticky":false,"template":"","format":"standard","meta":{"footnotes":""},"categories":[19],"tags":[],"class_list":{"0":"post-550","1":"post","2":"type-post","3":"status-publish","4":"format-standard","5":"has-post-thumbnail","7":"category-actualidad"},"_links":{"self":[{"href":"https:\/\/raicesandaluzas.com\/revista\/wp-json\/wp\/v2\/posts\/550","targetHints":{"allow":["GET"]}}],"collection":[{"href":"https:\/\/raicesandaluzas.com\/revista\/wp-json\/wp\/v2\/posts"}],"about":[{"href":"https:\/\/raicesandaluzas.com\/revista\/wp-json\/wp\/v2\/types\/post"}],"author":[{"embeddable":true,"href":"https:\/\/raicesandaluzas.com\/revista\/wp-json\/wp\/v2\/users\/1"}],"replies":[{"embeddable":true,"href":"https:\/\/raicesandaluzas.com\/revista\/wp-json\/wp\/v2\/comments?post=550"}],"version-history":[{"count":1,"href":"https:\/\/raicesandaluzas.com\/revista\/wp-json\/wp\/v2\/posts\/550\/revisions"}],"predecessor-version":[{"id":552,"href":"https:\/\/raicesandaluzas.com\/revista\/wp-json\/wp\/v2\/posts\/550\/revisions\/552"}],"wp:featuredmedia":[{"embeddable":true,"href":"https:\/\/raicesandaluzas.com\/revista\/wp-json\/wp\/v2\/media\/551"}],"wp:attachment":[{"href":"https:\/\/raicesandaluzas.com\/revista\/wp-json\/wp\/v2\/media?parent=550"}],"wp:term":[{"taxonomy":"category","embeddable":true,"href":"https:\/\/raicesandaluzas.com\/revista\/wp-json\/wp\/v2\/categories?post=550"},{"taxonomy":"post_tag","embeddable":true,"href":"https:\/\/raicesandaluzas.com\/revista\/wp-json\/wp\/v2\/tags?post=550"}],"curies":[{"name":"wp","href":"https:\/\/api.w.org\/{rel}","templated":true}]}}