{"id":546,"date":"2021-11-25T11:08:07","date_gmt":"2021-11-25T11:08:07","guid":{"rendered":"http:\/\/raicesandaluzas.com\/revista\/?p=546"},"modified":"2021-11-25T11:08:08","modified_gmt":"2021-11-25T11:08:08","slug":"llega-la-final-del-xvii-concurso-nacional-de-copla-de-la-casa-de-andalucia-en-barcelona","status":"publish","type":"post","link":"https:\/\/raicesandaluzas.com\/revista\/2021\/11\/25\/llega-la-final-del-xvii-concurso-nacional-de-copla-de-la-casa-de-andalucia-en-barcelona\/","title":{"rendered":"Llega la final del XVII Concurso Nacional de Copla de la Casa de Andaluc\u00eda en Barcelona"},"content":{"rendered":"\n<p>La Casa de Andaluc\u00eda en Barcelona est\u00e1 de enhorabuena. El pr\u00f3ximo s\u00e1bado, 4 de diciembre, organiza la final del XVII concurso Nacional de Copla, una muy especial despu\u00e9s del confinamiento y la pandemia de la Covid19 que tanto afect\u00f3 a sus actividades. Dentro de dos semanas todo volver\u00e1 a su cauce y, por fin, se podr\u00e1 celebrar la final de su prestigioso Concurso Nacional de Copla en el Auditori AXA de L&#8217;Illa, en la Avenida Diagonal, 547, a partir de las 19 horas.Los finalistas de esta edici\u00f3n son Abraham Ruiz, Carmen Paredes, David Cordob\u00e9s, Encarna Imperio, Joaqu\u00edn S\u00e1ez, Katy Olivares, Mar\u00eda Jos\u00e9 Abad y Maril\u00f3 Ruiz. Unos finalistas que el a\u00f1o pasado participaron en la edici\u00f3n online de este concurso que no pudo celebrarse con normalidad debido a la crisis sanitaria. Adem\u00e1s, contar\u00e1 con artistas invitados, Montse Rodr\u00edguez y el Grupo Jara&#8217;s, y con la presentaci\u00f3n de Antonio Mench\u00f3n.Para reservar la entrada hay que llamar al 619 601 490.<\/p>\n","protected":false},"excerpt":{"rendered":"<p>La Casa de Andaluc\u00eda en Barcelona est\u00e1 de enhorabuena. El pr\u00f3ximo s\u00e1bado, 4 de diciembre, organiza la final del XVII concurso Nacional de Copla, una muy especial despu\u00e9s del confinamiento y la pandemia de la Covid19 que tanto afect\u00f3 a sus actividades. Dentro de dos semanas todo volver\u00e1 a su cauce y, por fin, se [&hellip;]<\/p>\n","protected":false},"author":1,"featured_media":547,"comment_status":"open","ping_status":"open","sticky":false,"template":"","format":"standard","meta":{"footnotes":""},"categories":[19],"tags":[],"class_list":{"0":"post-546","1":"post","2":"type-post","3":"status-publish","4":"format-standard","5":"has-post-thumbnail","7":"category-actualidad"},"_links":{"self":[{"href":"https:\/\/raicesandaluzas.com\/revista\/wp-json\/wp\/v2\/posts\/546","targetHints":{"allow":["GET"]}}],"collection":[{"href":"https:\/\/raicesandaluzas.com\/revista\/wp-json\/wp\/v2\/posts"}],"about":[{"href":"https:\/\/raicesandaluzas.com\/revista\/wp-json\/wp\/v2\/types\/post"}],"author":[{"embeddable":true,"href":"https:\/\/raicesandaluzas.com\/revista\/wp-json\/wp\/v2\/users\/1"}],"replies":[{"embeddable":true,"href":"https:\/\/raicesandaluzas.com\/revista\/wp-json\/wp\/v2\/comments?post=546"}],"version-history":[{"count":1,"href":"https:\/\/raicesandaluzas.com\/revista\/wp-json\/wp\/v2\/posts\/546\/revisions"}],"predecessor-version":[{"id":548,"href":"https:\/\/raicesandaluzas.com\/revista\/wp-json\/wp\/v2\/posts\/546\/revisions\/548"}],"wp:featuredmedia":[{"embeddable":true,"href":"https:\/\/raicesandaluzas.com\/revista\/wp-json\/wp\/v2\/media\/547"}],"wp:attachment":[{"href":"https:\/\/raicesandaluzas.com\/revista\/wp-json\/wp\/v2\/media?parent=546"}],"wp:term":[{"taxonomy":"category","embeddable":true,"href":"https:\/\/raicesandaluzas.com\/revista\/wp-json\/wp\/v2\/categories?post=546"},{"taxonomy":"post_tag","embeddable":true,"href":"https:\/\/raicesandaluzas.com\/revista\/wp-json\/wp\/v2\/tags?post=546"}],"curies":[{"name":"wp","href":"https:\/\/api.w.org\/{rel}","templated":true}]}}