{"id":542,"date":"2021-11-25T10:17:27","date_gmt":"2021-11-25T10:17:27","guid":{"rendered":"http:\/\/raicesandaluzas.com\/revista\/?p=542"},"modified":"2021-11-25T10:17:28","modified_gmt":"2021-11-25T10:17:28","slug":"primera-charla-presencial-por-la-inmaculada-tras-la-pandemia","status":"publish","type":"post","link":"https:\/\/raicesandaluzas.com\/revista\/2021\/11\/25\/primera-charla-presencial-por-la-inmaculada-tras-la-pandemia\/","title":{"rendered":"Primera charla presencial por la Inmaculada tras la pandemia"},"content":{"rendered":"\n<p>Despu\u00e9s de un a\u00f1o de actos virtuales por fin hemos podido celebrar esta charla anual con el calor de una asistencia presencial.<\/p>\n\n\n\n<p>El s\u00e1bado 20 de Noviembre, en la parroquia de Santa Anna bajo el ambiente del Hospital de Campa\u00f1a, la Asociaci\u00f3n de Mujeres Cofrades de Barcelona organizaba la Charla de la Inmaculada 2021, con agenda muy participativa.<\/p>\n\n\n\n<p>En primer lugar la Cofrad\u00eda de la Virgen de La Cabeza en Catalu\u00f1a nos explicaba su Historia y situaci\u00f3n de la mujer en la cofrad\u00eda. Lideradas por la Secretaria Sra. Lis Ram\u00edrez, las camareras de la Virgen la acompa\u00f1aban en la mesa.&nbsp;&nbsp;Una cofrad\u00eda de las m\u00e1s numerosas en Catalu\u00f1a y que goza de buena salud \u201cfemenina\u201d, formada por el 60% de mujeres con una presidenta y una secretaria al frente, las mujeres han ocupado y ocupan posiciones en cualquier nivel.<\/p>\n\n\n\n<p>Seguidamente la Sra. Anna Almuni, Delegada Diocesana de Formaci\u00f3n y Acompa\u00f1amiento del Laicado, realiz\u00f3 la ponencia principal titulada \u201cMar\u00eda, Madre de Dios y de la Iglesia que camina unida\u201d, donde profundizaba en la bonita paradoja de la libertad de Mar\u00eda para ser sierva de Dios, en sus cualidades, en Mar\u00eda como intercesora y como madre de todos los cristianos. Treinta minutos que supieron a poco, esperamos poder continuar en otra ocasi\u00f3n.<\/p>\n\n\n\n<div><a href=\"https:\/\/raicesandaluzas.com\/revista\/wp-content\/uploads\/2021\/11\/charla_inmaculada_2021_02.jpg\" class=\"td-modal-image\"><figure class=\"wp-block-image size-full\"><img loading=\"lazy\" decoding=\"async\" width=\"800\" height=\"600\" src=\"https:\/\/raicesandaluzas.com\/revista\/wp-content\/uploads\/2021\/11\/charla_inmaculada_2021_02.jpg\" alt=\"\" class=\"wp-image-544\" srcset=\"https:\/\/raicesandaluzas.com\/revista\/wp-content\/uploads\/2021\/11\/charla_inmaculada_2021_02.jpg 800w, https:\/\/raicesandaluzas.com\/revista\/wp-content\/uploads\/2021\/11\/charla_inmaculada_2021_02-300x225.jpg 300w, https:\/\/raicesandaluzas.com\/revista\/wp-content\/uploads\/2021\/11\/charla_inmaculada_2021_02-768x576.jpg 768w, https:\/\/raicesandaluzas.com\/revista\/wp-content\/uploads\/2021\/11\/charla_inmaculada_2021_02-696x522.jpg 696w, https:\/\/raicesandaluzas.com\/revista\/wp-content\/uploads\/2021\/11\/charla_inmaculada_2021_02-560x420.jpg 560w, https:\/\/raicesandaluzas.com\/revista\/wp-content\/uploads\/2021\/11\/charla_inmaculada_2021_02-80x60.jpg 80w, https:\/\/raicesandaluzas.com\/revista\/wp-content\/uploads\/2021\/11\/charla_inmaculada_2021_02-265x198.jpg 265w\" sizes=\"auto, (max-width: 800px) 100vw, 800px\" \/><\/figure><\/a><\/div>\n\n\n\n<p>Y para terminar el Presidente de La Hermandad de La Macarena, el Sr. Miguel Angel Soto nos invit\u00f3 a su pr\u00f3ximo acto, El Besamanos de la Virgen el 19 de Diciembre y la actual secretaria de la Asociaci\u00f3n de Mujeres, la Sra. Sandra Torres, nos present\u00f3 el pr\u00f3ximo acto que la Asociaci\u00f3n organizada junto con la Hermandad de Los Romeros, la Festividad\/Charla de Santa Agueda, patrona de las mujeres e Inauguraci\u00f3n de la Exposici\u00f3n \u201cLa Mujer Cofrade no tiene g\u00e9nero\u201d en los locales de la Hermandad.<\/p>\n\n\n\n<p>Cerramos con una merienda, la merienda del esperado reencuentro, en la que tambi\u00e9n, como era habitual y ya por fortuna, es de nuevo realidad, se crean nuevos contactos.<\/p>\n\n\n\n<p>Muchas&nbsp;&nbsp;gracias a la Cofrad\u00eda de La Virgen de La Cabeza en Catalu\u00f1a, a la Sra. Anna Almuni por su ponencia, su compromiso y el cari\u00f1o que siempre nos demuestra y a los asistentes por hacer realidad el reencuentro.<\/p>\n","protected":false},"excerpt":{"rendered":"<p>Despu\u00e9s de un a\u00f1o de actos virtuales por fin hemos podido celebrar esta charla anual con el calor de una asistencia presencial. El s\u00e1bado 20 de Noviembre, en la parroquia de Santa Anna bajo el ambiente del Hospital de Campa\u00f1a, la Asociaci\u00f3n de Mujeres Cofrades de Barcelona organizaba la Charla de la Inmaculada 2021, con [&hellip;]<\/p>\n","protected":false},"author":1,"featured_media":543,"comment_status":"open","ping_status":"open","sticky":false,"template":"","format":"standard","meta":{"footnotes":""},"categories":[19],"tags":[],"class_list":{"0":"post-542","1":"post","2":"type-post","3":"status-publish","4":"format-standard","5":"has-post-thumbnail","7":"category-actualidad"},"_links":{"self":[{"href":"https:\/\/raicesandaluzas.com\/revista\/wp-json\/wp\/v2\/posts\/542","targetHints":{"allow":["GET"]}}],"collection":[{"href":"https:\/\/raicesandaluzas.com\/revista\/wp-json\/wp\/v2\/posts"}],"about":[{"href":"https:\/\/raicesandaluzas.com\/revista\/wp-json\/wp\/v2\/types\/post"}],"author":[{"embeddable":true,"href":"https:\/\/raicesandaluzas.com\/revista\/wp-json\/wp\/v2\/users\/1"}],"replies":[{"embeddable":true,"href":"https:\/\/raicesandaluzas.com\/revista\/wp-json\/wp\/v2\/comments?post=542"}],"version-history":[{"count":1,"href":"https:\/\/raicesandaluzas.com\/revista\/wp-json\/wp\/v2\/posts\/542\/revisions"}],"predecessor-version":[{"id":545,"href":"https:\/\/raicesandaluzas.com\/revista\/wp-json\/wp\/v2\/posts\/542\/revisions\/545"}],"wp:featuredmedia":[{"embeddable":true,"href":"https:\/\/raicesandaluzas.com\/revista\/wp-json\/wp\/v2\/media\/543"}],"wp:attachment":[{"href":"https:\/\/raicesandaluzas.com\/revista\/wp-json\/wp\/v2\/media?parent=542"}],"wp:term":[{"taxonomy":"category","embeddable":true,"href":"https:\/\/raicesandaluzas.com\/revista\/wp-json\/wp\/v2\/categories?post=542"},{"taxonomy":"post_tag","embeddable":true,"href":"https:\/\/raicesandaluzas.com\/revista\/wp-json\/wp\/v2\/tags?post=542"}],"curies":[{"name":"wp","href":"https:\/\/api.w.org\/{rel}","templated":true}]}}