{"id":537,"date":"2021-11-24T12:25:43","date_gmt":"2021-11-24T12:25:43","guid":{"rendered":"http:\/\/raicesandaluzas.com\/revista\/?p=537"},"modified":"2021-11-24T12:25:44","modified_gmt":"2021-11-24T12:25:44","slug":"daniel-salinero-reelegido-presidente-se-felicita-porque-la-fecac-esta-mas-cohesionada-viva-y-con-mas-ganas-que-nunca","status":"publish","type":"post","link":"https:\/\/raicesandaluzas.com\/revista\/2021\/11\/24\/daniel-salinero-reelegido-presidente-se-felicita-porque-la-fecac-esta-mas-cohesionada-viva-y-con-mas-ganas-que-nunca\/","title":{"rendered":"Daniel Salinero, reelegido presidente, se felicita porque la FECAC est\u00e1 m\u00e1s cohesionada, viva y con m\u00e1s ganas que nunca"},"content":{"rendered":"\n<p>Daniel Salinero ha sido reelegido como presidente de la Federaci\u00f3n de Entidades Culturales Andaluzas en Catalunya (FECAC) en la asamblea extraordinaria celebrada para cumplir con el calendario electoral. La candidatura \u00fanica, formada por trece miembros representantes de las entidades federadas, ha recibido 58 votos a favor (el 95 por ciento del total), dos votos en blanco y uno nulo.<\/p>\n\n\n\n<p>La nueva junta recoge la pluralidad del colectivo cultural andaluz, con una amplia representaci\u00f3n del territorio y la incorporaci\u00f3n de dos nuevas vocal\u00edas de Igualdad y Derechos Sociales y de Formaci\u00f3n y Promoci\u00f3n Cultural. As\u00ed mismo aumenta la presencia de j\u00f3venes y de mujeres, cinco en total. &nbsp;<\/p>\n\n\n\n<p>La nueva Junta es la siguiente:<\/p>\n\n\n\n<p>&#8211; PRESIDENTE: Daniel Salinero Castillo, Hermandad Ntra. Sra. Del Roc\u00edo Pastora Almonte\u00f1a.<\/p>\n\n\n\n<p>&#8211; VICEPRESIDENTE: Miguel A. Jim\u00e9nez D\u00edaz, Centro Popular Andaluz de Sant Cugat del Vall\u00e9s.<\/p>\n\n\n\n<p>&#8211; SECRETARIA GENERAL: Nuria Do\u00f1oro Miguel, Asociaci\u00f3n Flamenco Vivo.<\/p>\n\n\n\n<p>&#8211; TESORERO: Adri\u00e1n Mart\u00ednez Romero, Hermandad Rociera Uni\u00f3n Andaluza Virgen de la Rocina.<\/p>\n\n\n\n<p>&#8211; VOCAL DEL \u00c1REA DE IGUALDAD Y DERECHOS SOCIALES: Mayra Gil \u00c1balos, Hermandad Rociera Andaluza Los Varales.<\/p>\n\n\n\n<p>&#8211; VOCAL DEL \u00c1REA SOCIAL: Rosario Garc\u00eda Espejo, Centro Cultural Andaluz de Mollet del Vall\u00e9s.<\/p>\n\n\n\n<p>&#8211; VOCAL DEL \u00c1REA DE FLAMENCO: Francisco Bernal Orta, Centro Cultural Casa de Andaluc\u00eda en Manresa.<\/p>\n\n\n\n<p>&#8211; VOCAL DEL \u00c1REA ROMER\u00cdA DEL ROC\u00cdO: Sergio Medel Cerrato, Hermandad Nuestra Se\u00f1ora del Roc\u00edo de Pineda de Mar.<\/p>\n\n\n\n<p>&#8211; VOCAL DEL \u00c1REA DE ROMER\u00cdA DEL R\u00d3CIO: Jos\u00e9 Miguel \u00c1ngel Rom\u00e1n, Hermandad Ntra. Sra. Del Roc\u00edo de Santa Coloma de Gramenet.<\/p>\n\n\n\n<p>&#8211; VOCAL DE JUVENTUD: Jose Antonio Fern\u00e1ndez Neila, Hermandad Ntra. Sra. Del Roc\u00edo Divina Pastora de Matar\u00f3.<\/p>\n\n\n\n<p>&#8211; VOCAL DEL \u00c1REA DE FORMACI\u00d3N Y PROMOCI\u00d3N CULTURAL: Mar\u00eda Gonz\u00e1lez D\u00e1vila, Casa de Andaluc\u00eda en Cerdanyola.<\/p>\n\n\n\n<p>&#8211; VOCAL DEL \u00c1REA INSTITUCIONAL: Jos\u00e9 Rojo Est\u00e9vez, Hermandad Rociera Andaluza Santo \u00c1ngel de Barcelona.<\/p>\n\n\n\n<p>&#8211; VOCAL DEL \u00c1REA DE ACTIVIDADES: Bel\u00e9n Valenzuela Aceituno, Hermandad Ntra. Sra. Del Roc\u00edo de Terrassa.<\/p>\n\n\n\n<p><strong>Un 2022 de vuelta a la normalidad<\/strong><\/p>\n\n\n\n<p>El reelegido presidente, Daniel Salinero, se ha felicitado porque la Federaci\u00f3n ha demostrado en estos dos a\u00f1os dif\u00edciles por la pandemia \u201cestar cohesionada, bien viva y con m\u00e1s ganas que nunca\u201d. En tal sentido, ha anunciado que salvo obst\u00e1culos que no deseamos, en 2022 habr\u00e1 Feria de Abril, Romer\u00eda del Roc\u00edo, D\u00eda de Andaluc\u00eda, Seminario y Yunque Flamenco.<\/p>\n\n\n\n<p>La Federaci\u00f3n de Entidades Culturales Andaluzas en Catalunya (FECAC) fue fundada en 1982 y acoge m\u00e1s de 115 entidades, b\u00e1sicamente Casas de Andaluc\u00eda, centros y asociaciones culturales, hermandades rocieras, hermandades penitentes y pe\u00f1as flamencas. Organiza anualmente la Feria de Abril de Catalu\u00f1a, la Romer\u00eda del Roc\u00edo, los actos del D\u00eda de Andaluc\u00eda en febrero y el concurso bianual de cante Yunque Flamenco<strong> <\/strong>que celebrar\u00e1 su final el 11 de diciembre.<\/p>\n","protected":false},"excerpt":{"rendered":"<p>Daniel Salinero ha sido reelegido como presidente de la Federaci\u00f3n de Entidades Culturales Andaluzas en Catalunya (FECAC) en la asamblea extraordinaria celebrada para cumplir con el calendario electoral. La candidatura \u00fanica, formada por trece miembros representantes de las entidades federadas, ha recibido 58 votos a favor (el 95 por ciento del total), dos votos en [&hellip;]<\/p>\n","protected":false},"author":1,"featured_media":538,"comment_status":"open","ping_status":"open","sticky":false,"template":"","format":"standard","meta":{"footnotes":""},"categories":[19],"tags":[],"class_list":{"0":"post-537","1":"post","2":"type-post","3":"status-publish","4":"format-standard","5":"has-post-thumbnail","7":"category-actualidad"},"_links":{"self":[{"href":"https:\/\/raicesandaluzas.com\/revista\/wp-json\/wp\/v2\/posts\/537","targetHints":{"allow":["GET"]}}],"collection":[{"href":"https:\/\/raicesandaluzas.com\/revista\/wp-json\/wp\/v2\/posts"}],"about":[{"href":"https:\/\/raicesandaluzas.com\/revista\/wp-json\/wp\/v2\/types\/post"}],"author":[{"embeddable":true,"href":"https:\/\/raicesandaluzas.com\/revista\/wp-json\/wp\/v2\/users\/1"}],"replies":[{"embeddable":true,"href":"https:\/\/raicesandaluzas.com\/revista\/wp-json\/wp\/v2\/comments?post=537"}],"version-history":[{"count":1,"href":"https:\/\/raicesandaluzas.com\/revista\/wp-json\/wp\/v2\/posts\/537\/revisions"}],"predecessor-version":[{"id":539,"href":"https:\/\/raicesandaluzas.com\/revista\/wp-json\/wp\/v2\/posts\/537\/revisions\/539"}],"wp:featuredmedia":[{"embeddable":true,"href":"https:\/\/raicesandaluzas.com\/revista\/wp-json\/wp\/v2\/media\/538"}],"wp:attachment":[{"href":"https:\/\/raicesandaluzas.com\/revista\/wp-json\/wp\/v2\/media?parent=537"}],"wp:term":[{"taxonomy":"category","embeddable":true,"href":"https:\/\/raicesandaluzas.com\/revista\/wp-json\/wp\/v2\/categories?post=537"},{"taxonomy":"post_tag","embeddable":true,"href":"https:\/\/raicesandaluzas.com\/revista\/wp-json\/wp\/v2\/tags?post=537"}],"curies":[{"name":"wp","href":"https:\/\/api.w.org\/{rel}","templated":true}]}}