{"id":529,"date":"2021-11-17T12:29:10","date_gmt":"2021-11-17T12:29:10","guid":{"rendered":"http:\/\/raicesandaluzas.com\/revista\/?p=529"},"modified":"2021-11-17T12:29:12","modified_gmt":"2021-11-17T12:29:12","slug":"a-la-venta-las-entradas-de-la-final-del-yunque-flamenco","status":"publish","type":"post","link":"https:\/\/raicesandaluzas.com\/revista\/2021\/11\/17\/a-la-venta-las-entradas-de-la-final-del-yunque-flamenco\/","title":{"rendered":"A la venta las entradas de la final del Yunque Flamenco"},"content":{"rendered":"\n<p>Ya pueden adquirirse las entradas para la final del XXII Concurso Nacional de Cante Yunque Flamenco, que tendr\u00e1 lugar el pr\u00f3ximo 11 de diciembre a partir de las 19.30 horas en el Palau de la M\u00fasica de Barcelona. El precio de las entradas es de 10 euros. <\/p>\n\n\n\n<p>Las entradas pueden adquirirse <a href=\"https:\/\/www.giglon.com\/todos?idEvent=final-del-xxii-concurso-nacional-de-cante-yunque-flamenco-petit-palau\" target=\"_blank\" rel=\"noreferrer noopener\">aqu\u00ed<\/a>.<\/p>\n","protected":false},"excerpt":{"rendered":"<p>Ya pueden adquirirse las entradas para la final del XXII Concurso Nacional de Cante Yunque Flamenco, que tendr\u00e1 lugar el pr\u00f3ximo 11 de diciembre a partir de las 19.30 horas en el Palau de la M\u00fasica de Barcelona. El precio de las entradas es de 10 euros. Las entradas pueden adquirirse aqu\u00ed.<\/p>\n","protected":false},"author":1,"featured_media":530,"comment_status":"open","ping_status":"open","sticky":false,"template":"","format":"standard","meta":{"footnotes":""},"categories":[19,22],"tags":[],"class_list":{"0":"post-529","1":"post","2":"type-post","3":"status-publish","4":"format-standard","5":"has-post-thumbnail","7":"category-actualidad","8":"category-flamenco"},"_links":{"self":[{"href":"https:\/\/raicesandaluzas.com\/revista\/wp-json\/wp\/v2\/posts\/529","targetHints":{"allow":["GET"]}}],"collection":[{"href":"https:\/\/raicesandaluzas.com\/revista\/wp-json\/wp\/v2\/posts"}],"about":[{"href":"https:\/\/raicesandaluzas.com\/revista\/wp-json\/wp\/v2\/types\/post"}],"author":[{"embeddable":true,"href":"https:\/\/raicesandaluzas.com\/revista\/wp-json\/wp\/v2\/users\/1"}],"replies":[{"embeddable":true,"href":"https:\/\/raicesandaluzas.com\/revista\/wp-json\/wp\/v2\/comments?post=529"}],"version-history":[{"count":1,"href":"https:\/\/raicesandaluzas.com\/revista\/wp-json\/wp\/v2\/posts\/529\/revisions"}],"predecessor-version":[{"id":531,"href":"https:\/\/raicesandaluzas.com\/revista\/wp-json\/wp\/v2\/posts\/529\/revisions\/531"}],"wp:featuredmedia":[{"embeddable":true,"href":"https:\/\/raicesandaluzas.com\/revista\/wp-json\/wp\/v2\/media\/530"}],"wp:attachment":[{"href":"https:\/\/raicesandaluzas.com\/revista\/wp-json\/wp\/v2\/media?parent=529"}],"wp:term":[{"taxonomy":"category","embeddable":true,"href":"https:\/\/raicesandaluzas.com\/revista\/wp-json\/wp\/v2\/categories?post=529"},{"taxonomy":"post_tag","embeddable":true,"href":"https:\/\/raicesandaluzas.com\/revista\/wp-json\/wp\/v2\/tags?post=529"}],"curies":[{"name":"wp","href":"https:\/\/api.w.org\/{rel}","templated":true}]}}