{"id":522,"date":"2021-11-09T11:34:27","date_gmt":"2021-11-09T11:34:27","guid":{"rendered":"http:\/\/raicesandaluzas.com\/revista\/?p=522"},"modified":"2021-11-09T11:34:28","modified_gmt":"2021-11-09T11:34:28","slug":"el-centro-cultural-andaluz-de-mollet-homenajea-a-garcia-lorca","status":"publish","type":"post","link":"https:\/\/raicesandaluzas.com\/revista\/2021\/11\/09\/el-centro-cultural-andaluz-de-mollet-homenajea-a-garcia-lorca\/","title":{"rendered":"El Centro Cultural Andaluz de Mollet homenajea a Garc\u00eda Lorca"},"content":{"rendered":"\n<p>El pr\u00f3ximo s\u00e1bado, 13 de noviembre, el Centro Cultural Andaluz de Mollet vuelve a organizar actividades tras las duros meses de confinamiento y de pandemia de la Covid19. Ser\u00e1 un homenaje a Federico Garc\u00eda Lorca, con la presentaci\u00f3n del libro de poes\u00eda \u00abDos historias unidas\u00bb de Francisco Bueno y Charo Garc\u00eda, las actuaciones de los cuadros de baile de la entidad \u00abSemilla flamenca\u00bb, \u00abTriana\u00bb, y \u00abArte y comp\u00e1s\u00bb, y el coro rociero de la entidad \u00abAmigos del Roc\u00edo\u00bb. Adem\u00e1s, contar\u00e1n con la actuaci\u00f3n de la Escuela de baile flamenco de la Casa de Andaluc\u00eda de Cerdanyola. <\/p>\n\n\n\n<p>El acto comenzar\u00e1 a las 19 horas y se llevar\u00e1 a cabo en el Teatro de Can Gom\u00e0.<\/p>\n","protected":false},"excerpt":{"rendered":"<p>El pr\u00f3ximo s\u00e1bado, 13 de noviembre, el Centro Cultural Andaluz de Mollet vuelve a organizar actividades tras las duros meses de confinamiento y de pandemia de la Covid19. Ser\u00e1 un homenaje a Federico Garc\u00eda Lorca, con la presentaci\u00f3n del libro de poes\u00eda \u00abDos historias unidas\u00bb de Francisco Bueno y Charo Garc\u00eda, las actuaciones de los [&hellip;]<\/p>\n","protected":false},"author":1,"featured_media":523,"comment_status":"open","ping_status":"open","sticky":false,"template":"","format":"standard","meta":{"footnotes":""},"categories":[19],"tags":[],"class_list":{"0":"post-522","1":"post","2":"type-post","3":"status-publish","4":"format-standard","5":"has-post-thumbnail","7":"category-actualidad"},"_links":{"self":[{"href":"https:\/\/raicesandaluzas.com\/revista\/wp-json\/wp\/v2\/posts\/522","targetHints":{"allow":["GET"]}}],"collection":[{"href":"https:\/\/raicesandaluzas.com\/revista\/wp-json\/wp\/v2\/posts"}],"about":[{"href":"https:\/\/raicesandaluzas.com\/revista\/wp-json\/wp\/v2\/types\/post"}],"author":[{"embeddable":true,"href":"https:\/\/raicesandaluzas.com\/revista\/wp-json\/wp\/v2\/users\/1"}],"replies":[{"embeddable":true,"href":"https:\/\/raicesandaluzas.com\/revista\/wp-json\/wp\/v2\/comments?post=522"}],"version-history":[{"count":1,"href":"https:\/\/raicesandaluzas.com\/revista\/wp-json\/wp\/v2\/posts\/522\/revisions"}],"predecessor-version":[{"id":524,"href":"https:\/\/raicesandaluzas.com\/revista\/wp-json\/wp\/v2\/posts\/522\/revisions\/524"}],"wp:featuredmedia":[{"embeddable":true,"href":"https:\/\/raicesandaluzas.com\/revista\/wp-json\/wp\/v2\/media\/523"}],"wp:attachment":[{"href":"https:\/\/raicesandaluzas.com\/revista\/wp-json\/wp\/v2\/media?parent=522"}],"wp:term":[{"taxonomy":"category","embeddable":true,"href":"https:\/\/raicesandaluzas.com\/revista\/wp-json\/wp\/v2\/categories?post=522"},{"taxonomy":"post_tag","embeddable":true,"href":"https:\/\/raicesandaluzas.com\/revista\/wp-json\/wp\/v2\/tags?post=522"}],"curies":[{"name":"wp","href":"https:\/\/api.w.org\/{rel}","templated":true}]}}