{"id":519,"date":"2021-10-27T08:59:52","date_gmt":"2021-10-27T08:59:52","guid":{"rendered":"http:\/\/raicesandaluzas.com\/revista\/?p=519"},"modified":"2021-10-27T08:59:53","modified_gmt":"2021-10-27T08:59:53","slug":"daniel-salinero-repetira-como-presidente-de-la-fecac-al-frente-una-junta-renovada-con-mas-jovenes-y-mujeres","status":"publish","type":"post","link":"https:\/\/raicesandaluzas.com\/revista\/2021\/10\/27\/daniel-salinero-repetira-como-presidente-de-la-fecac-al-frente-una-junta-renovada-con-mas-jovenes-y-mujeres\/","title":{"rendered":"Daniel Salinero repetir\u00e1 como presidente de la FECAC al frente una junta renovada con m\u00e1s j\u00f3venes y mujeres"},"content":{"rendered":"\n<p>Daniel Salinero continuar\u00e1 como presidente de la Federaci\u00f3n de Entidades Culturales Andaluzas en Catalunya (FECAC) al haberse presentado una \u00fanica candidatura encabezada por \u00e9l mismo para las elecciones previstas en la asamblea del 20 de noviembre.<\/p>\n\n\n\n<p>La candidatura, que pasar\u00e1 a ser junta directiva una vez cumplido el proceso electoral, est\u00e1 formada por trece dirigentes de entidades repartidas por todo el territorio catal\u00e1n. Incorpora una nueva vocal\u00eda de Igualdad y Derechos Sociales y aumenta la presencia de j\u00f3venes y de mujeres, cinco en total. &nbsp;<\/p>\n\n\n\n<p>La candidatura completa, proclamada por la Comisi\u00f3n Electoral, es la siguiente:<\/p>\n\n\n\n<p>&#8211; PRESIDENTE: Daniel Salinero Castillo, Hermandad Ntra. Sra. Del Roc\u00edo Pastora Almonte\u00f1a.<\/p>\n\n\n\n<p>&#8211; VICEPRESIDENTE: Miguel A. Jim\u00e9nez D\u00edaz, Centro Popular Andaluz de Sant Cugat del Vall\u00e9s.<\/p>\n\n\n\n<p>&#8211; SECRETARIA GENERAL: Nuria Do\u00f1oro Miguel, Asociaci\u00f3n Flamenco Vivo.<\/p>\n\n\n\n<p>&#8211; TESORERO: Adri\u00e1n Mart\u00ednez Romero, Hermandad Rociera Uni\u00f3n Andaluza Virgen de la Rocina.<\/p>\n\n\n\n<p>&#8211; VOCAL DEL \u00c1REA DE IGUALDAD Y DERECHOS SOCIALES: Mayra Gil \u00c1balos, Hermandad Rociera Andaluza Los Varales.<\/p>\n\n\n\n<p>&#8211; VOCAL DEL \u00c1REA SOCIAL: Rosario Garc\u00eda Espejo, Centro Cultural Andaluz de Mollet del Vall\u00e9s.<\/p>\n\n\n\n<p>&#8211; VOCAL DEL \u00c1REA DE FLAMENCO: Francisco Bernal Orta, Centro Cultural Casa de Andaluc\u00eda en Manresa.<\/p>\n\n\n\n<p>&#8211; VOCAL DEL \u00c1REA ROMER\u00cdA DEL ROC\u00cdO: Sergio Medel Cerrato, Hermandad Nuestra Se\u00f1ora del Roc\u00edo de Pineda de Mar.<\/p>\n\n\n\n<p>&#8211; VOCAL DEL \u00c1REA DE ROMER\u00cdA DEL R\u00d3CIO: Jos\u00e9 Miguel \u00c1ngel Rom\u00e1n, Hermandad Ntra. Sra. Del Roc\u00edo de Santa Coloma de Gramenet.<\/p>\n\n\n\n<p>&#8211; VOCAL DE JUVENTUD: Jose Antonio Fern\u00e1ndez Neila, Hermandad Ntra. Sra. Del Roc\u00edo Divina Pastora de Matar\u00f3.<\/p>\n\n\n\n<p>&#8211; VOCAL DEL \u00c1REA DE FORMACI\u00d3N Y PROMOCI\u00d3N CULTURAL: Mar\u00eda Gonz\u00e1lez D\u00e1vila, Casa de Andaluc\u00eda en Cerdanyola.<\/p>\n\n\n\n<p>&#8211; VOCAL DEL \u00c1REA INSTITUCIONAL: Jos\u00e9 Rojo Est\u00e9vez, Hermandad Rociera Andaluza Santo \u00c1ngel de Barcelona.<\/p>\n\n\n\n<p>&#8211; VOCAL DEL \u00c1REA DE ACTIVIDADES: Bel\u00e9n Valenzuela Aceituno, Hermandad Ntra. Sra. Del Roc\u00edo de Terrassa.<\/p>\n\n\n\n<p><strong>Programa para 2022<\/strong><\/p>\n\n\n\n<p>Por otra parte, la Federaci\u00f3n de Entidades Culturales Andaluzas en Catalu\u00f1a (FECAC) est\u00e1 trabajando ya para poder celebrar con la m\u00e1xima normalidad la Feria de Abril y la Romer\u00eda del Roc\u00edo el pr\u00f3ximo a\u00f1o. Las medidas sanitarias adoptadas como consecuencia de la pandemia del covid obligaron a suspender estos eventos multitudinarios en las ediciones de 2020 y del corriente a\u00f1o. Tambi\u00e9n se vieron parcialmente afectados los actos conmemorativos del D\u00eda de Andaluc\u00eda.<\/p>\n","protected":false},"excerpt":{"rendered":"<p>Daniel Salinero continuar\u00e1 como presidente de la Federaci\u00f3n de Entidades Culturales Andaluzas en Catalunya (FECAC) al haberse presentado una \u00fanica candidatura encabezada por \u00e9l mismo para las elecciones previstas en la asamblea del 20 de noviembre. La candidatura, que pasar\u00e1 a ser junta directiva una vez cumplido el proceso electoral, est\u00e1 formada por trece dirigentes [&hellip;]<\/p>\n","protected":false},"author":1,"featured_media":425,"comment_status":"open","ping_status":"open","sticky":false,"template":"","format":"standard","meta":{"footnotes":""},"categories":[19],"tags":[],"class_list":{"0":"post-519","1":"post","2":"type-post","3":"status-publish","4":"format-standard","5":"has-post-thumbnail","7":"category-actualidad"},"_links":{"self":[{"href":"https:\/\/raicesandaluzas.com\/revista\/wp-json\/wp\/v2\/posts\/519","targetHints":{"allow":["GET"]}}],"collection":[{"href":"https:\/\/raicesandaluzas.com\/revista\/wp-json\/wp\/v2\/posts"}],"about":[{"href":"https:\/\/raicesandaluzas.com\/revista\/wp-json\/wp\/v2\/types\/post"}],"author":[{"embeddable":true,"href":"https:\/\/raicesandaluzas.com\/revista\/wp-json\/wp\/v2\/users\/1"}],"replies":[{"embeddable":true,"href":"https:\/\/raicesandaluzas.com\/revista\/wp-json\/wp\/v2\/comments?post=519"}],"version-history":[{"count":1,"href":"https:\/\/raicesandaluzas.com\/revista\/wp-json\/wp\/v2\/posts\/519\/revisions"}],"predecessor-version":[{"id":520,"href":"https:\/\/raicesandaluzas.com\/revista\/wp-json\/wp\/v2\/posts\/519\/revisions\/520"}],"wp:featuredmedia":[{"embeddable":true,"href":"https:\/\/raicesandaluzas.com\/revista\/wp-json\/wp\/v2\/media\/425"}],"wp:attachment":[{"href":"https:\/\/raicesandaluzas.com\/revista\/wp-json\/wp\/v2\/media?parent=519"}],"wp:term":[{"taxonomy":"category","embeddable":true,"href":"https:\/\/raicesandaluzas.com\/revista\/wp-json\/wp\/v2\/categories?post=519"},{"taxonomy":"post_tag","embeddable":true,"href":"https:\/\/raicesandaluzas.com\/revista\/wp-json\/wp\/v2\/tags?post=519"}],"curies":[{"name":"wp","href":"https:\/\/api.w.org\/{rel}","templated":true}]}}