{"id":515,"date":"2021-10-19T09:05:51","date_gmt":"2021-10-19T09:05:51","guid":{"rendered":"http:\/\/raicesandaluzas.com\/revista\/?p=515"},"modified":"2021-10-19T09:05:52","modified_gmt":"2021-10-19T09:05:52","slug":"mas-de-cien-candidatos-concurren-al-yunque-flamenco","status":"publish","type":"post","link":"https:\/\/raicesandaluzas.com\/revista\/2021\/10\/19\/mas-de-cien-candidatos-concurren-al-yunque-flamenco\/","title":{"rendered":"M\u00e1s de cien candidatos concurren al Yunque Flamenco"},"content":{"rendered":"\n<p>Un total de 117 candidatos se han inscrito en la XXIII edici\u00f3n del Concurso Nacional de Cante Yunque Flamenco, organizado por la Federaci\u00f3n de Entidades Culturales Andaluzas en Catalunya (FECAC). Se trata de uno de los cert\u00e1menes m\u00e1s prestigiosos de Espa\u00f1a en este g\u00e9nero.<\/p>\n\n\n\n<p>Sevilla, con 33 candidatos a la final (un 28% del total) lidera el ranking de inscritos. Le siguen C\u00e1diz, con 18, y C\u00f3rdoba, con 15. Los aficionados de Barcelona que han solicitado participar suman 11 (9,4%), con lo que est\u00e1 garantizado la entrega de un premio al mejor clasificado de Catalu\u00f1a.<\/p>\n\n\n\n<p>La afluencia de j\u00f3venes tambi\u00e9n garantiza la entrega al cantaor\/a de menor edad que junto a los cinco mejores que pasen las Preliminares ser\u00e1n los convocados a la gran final que tendr\u00e1 lugar el s\u00e1bado 11 de diciembre a las 19 horas en el Petit Palau de la M\u00fasica Catalana.<\/p>\n\n\n\n<p><br>En esta edici\u00f3n se rinde homenaje asimismo a la cantaora linarense Carmen Pacheco Rodriguez \u201cCarmen Linares\u201d a quien se le har\u00e1 la entrega del especial \u201cYunque de Plata\u201d honor\u00edfico como reconocimiento a cuarenta a\u00f1os de brillante carrera art\u00edstica con notable proyecci\u00f3n internacional.<\/p>\n\n\n\n<p>Mientras delibere el jurado actuar\u00e1 el cuadro flamenco de&nbsp;la genial bailaora Aina N\u00fa\u00f1ez.<\/p>\n\n\n\n<p>La fase preliminar del Concurso que se abre ahora ser\u00e1 de forma virtual. El jurado, presidido por Jos\u00e9 Mayo, puntuar\u00e1 las interpretaciones de cante de los aspirantes en las tres categor\u00edas determinadas. Los cinco mejores clasificados concurrir\u00e1n a la final del 11 de diciembre.<\/p>\n\n\n\n<p>El premio para el ganador ser\u00e1 el Yunque de Plata, 6.000 euros en met\u00e1lico y un diploma. El segundo y tercer clasificado recibir\u00e1n 2.500 y 1.500 euros, respectivamente, adem\u00e1s del correspondiente diploma. Habr\u00e1 adem\u00e1s dos acc\u00e9sits de 1.000 euros y diploma. Uno, para el mejor clasificado de Catalu\u00f1a, donado por la Casa de Andaluc\u00eda de Cerdanyola, y otro para el mejor clasificado menor de 25 a\u00f1os, por el Centro Andaluz Tertulia Flamenca de Badalona.<\/p>\n","protected":false},"excerpt":{"rendered":"<p>Un total de 117 candidatos se han inscrito en la XXIII edici\u00f3n del Concurso Nacional de Cante Yunque Flamenco, organizado por la Federaci\u00f3n de Entidades Culturales Andaluzas en Catalunya (FECAC). Se trata de uno de los cert\u00e1menes m\u00e1s prestigiosos de Espa\u00f1a en este g\u00e9nero. Sevilla, con 33 candidatos a la final (un 28% del total) [&hellip;]<\/p>\n","protected":false},"author":1,"featured_media":516,"comment_status":"open","ping_status":"open","sticky":false,"template":"","format":"standard","meta":{"footnotes":""},"categories":[19,22],"tags":[],"class_list":{"0":"post-515","1":"post","2":"type-post","3":"status-publish","4":"format-standard","5":"has-post-thumbnail","7":"category-actualidad","8":"category-flamenco"},"_links":{"self":[{"href":"https:\/\/raicesandaluzas.com\/revista\/wp-json\/wp\/v2\/posts\/515","targetHints":{"allow":["GET"]}}],"collection":[{"href":"https:\/\/raicesandaluzas.com\/revista\/wp-json\/wp\/v2\/posts"}],"about":[{"href":"https:\/\/raicesandaluzas.com\/revista\/wp-json\/wp\/v2\/types\/post"}],"author":[{"embeddable":true,"href":"https:\/\/raicesandaluzas.com\/revista\/wp-json\/wp\/v2\/users\/1"}],"replies":[{"embeddable":true,"href":"https:\/\/raicesandaluzas.com\/revista\/wp-json\/wp\/v2\/comments?post=515"}],"version-history":[{"count":1,"href":"https:\/\/raicesandaluzas.com\/revista\/wp-json\/wp\/v2\/posts\/515\/revisions"}],"predecessor-version":[{"id":517,"href":"https:\/\/raicesandaluzas.com\/revista\/wp-json\/wp\/v2\/posts\/515\/revisions\/517"}],"wp:featuredmedia":[{"embeddable":true,"href":"https:\/\/raicesandaluzas.com\/revista\/wp-json\/wp\/v2\/media\/516"}],"wp:attachment":[{"href":"https:\/\/raicesandaluzas.com\/revista\/wp-json\/wp\/v2\/media?parent=515"}],"wp:term":[{"taxonomy":"category","embeddable":true,"href":"https:\/\/raicesandaluzas.com\/revista\/wp-json\/wp\/v2\/categories?post=515"},{"taxonomy":"post_tag","embeddable":true,"href":"https:\/\/raicesandaluzas.com\/revista\/wp-json\/wp\/v2\/tags?post=515"}],"curies":[{"name":"wp","href":"https:\/\/api.w.org\/{rel}","templated":true}]}}