{"id":511,"date":"2021-09-14T08:39:05","date_gmt":"2021-09-14T08:39:05","guid":{"rendered":"http:\/\/raicesandaluzas.com\/revista\/?p=511"},"modified":"2021-09-14T08:39:41","modified_gmt":"2021-09-14T08:39:41","slug":"el-cca-mollet-del-valles-celebra-el-flamenco","status":"publish","type":"post","link":"https:\/\/raicesandaluzas.com\/revista\/2021\/09\/14\/el-cca-mollet-del-valles-celebra-el-flamenco\/","title":{"rendered":"El CCA Mollet del Vall\u00e8s celebra el flamenco"},"content":{"rendered":"\n<p>Este pr\u00f3ximo s\u00e1bado, 18 de septiembre, regresa el flamenco al Centro Cultural Andaluz Mollet del Vall\u00e8s con un acto organizado por su Tertulia Flamenca. En esta ocasi\u00f3n ser\u00e1n los cantaores Javier Rueda, Cristian Cosano, Antonio Montero y Carlos Delgado los encargados de actuar sobre las tablas acompa\u00f1ados de la guitarra de David Jim\u00e9nez. La presentaci\u00f3n correr\u00e1 a cargo de David Jim\u00e9nez.  <\/p>\n\n\n\n<p>El acto comenzar\u00e1 a las 21 horas en el sal\u00f3n de la entidad (c. Castelao, 2) y tendr\u00e1 aforo limitado. Es obligatorio el uso de mascarilla y se realizar\u00e1 cumpliendo todos los protocolos sanitarios. <\/p>\n","protected":false},"excerpt":{"rendered":"<p>Este pr\u00f3ximo s\u00e1bado, 18 de septiembre, regresa el flamenco al Centro Cultural Andaluz Mollet del Vall\u00e8s con un acto organizado por su Tertulia Flamenca. En esta ocasi\u00f3n ser\u00e1n los cantaores Javier Rueda, Cristian Cosano, Antonio Montero y Carlos Delgado los encargados de actuar sobre las tablas acompa\u00f1ados de la guitarra de David Jim\u00e9nez. La presentaci\u00f3n [&hellip;]<\/p>\n","protected":false},"author":1,"featured_media":512,"comment_status":"open","ping_status":"open","sticky":false,"template":"","format":"standard","meta":{"footnotes":""},"categories":[19,22],"tags":[],"class_list":{"0":"post-511","1":"post","2":"type-post","3":"status-publish","4":"format-standard","5":"has-post-thumbnail","7":"category-actualidad","8":"category-flamenco"},"_links":{"self":[{"href":"https:\/\/raicesandaluzas.com\/revista\/wp-json\/wp\/v2\/posts\/511","targetHints":{"allow":["GET"]}}],"collection":[{"href":"https:\/\/raicesandaluzas.com\/revista\/wp-json\/wp\/v2\/posts"}],"about":[{"href":"https:\/\/raicesandaluzas.com\/revista\/wp-json\/wp\/v2\/types\/post"}],"author":[{"embeddable":true,"href":"https:\/\/raicesandaluzas.com\/revista\/wp-json\/wp\/v2\/users\/1"}],"replies":[{"embeddable":true,"href":"https:\/\/raicesandaluzas.com\/revista\/wp-json\/wp\/v2\/comments?post=511"}],"version-history":[{"count":1,"href":"https:\/\/raicesandaluzas.com\/revista\/wp-json\/wp\/v2\/posts\/511\/revisions"}],"predecessor-version":[{"id":513,"href":"https:\/\/raicesandaluzas.com\/revista\/wp-json\/wp\/v2\/posts\/511\/revisions\/513"}],"wp:featuredmedia":[{"embeddable":true,"href":"https:\/\/raicesandaluzas.com\/revista\/wp-json\/wp\/v2\/media\/512"}],"wp:attachment":[{"href":"https:\/\/raicesandaluzas.com\/revista\/wp-json\/wp\/v2\/media?parent=511"}],"wp:term":[{"taxonomy":"category","embeddable":true,"href":"https:\/\/raicesandaluzas.com\/revista\/wp-json\/wp\/v2\/categories?post=511"},{"taxonomy":"post_tag","embeddable":true,"href":"https:\/\/raicesandaluzas.com\/revista\/wp-json\/wp\/v2\/tags?post=511"}],"curies":[{"name":"wp","href":"https:\/\/api.w.org\/{rel}","templated":true}]}}